{"id":6946,"date":"2024-05-10T12:09:21","date_gmt":"2024-05-10T12:09:21","guid":{"rendered":"https:\/\/areabadalona.com\/diario\/?p=6946"},"modified":"2024-05-10T12:09:21","modified_gmt":"2024-05-10T12:09:21","slug":"la-guardia-urbana-de-badalona-interve-en-un-bar-del-barri-de-la-salut-on-es-traficava-amb-drogues","status":"publish","type":"post","link":"https:\/\/areabadalona.com\/diario\/2024\/05\/10\/la-guardia-urbana-de-badalona-interve-en-un-bar-del-barri-de-la-salut-on-es-traficava-amb-drogues\/","title":{"rendered":"La Gu\u00e0rdia Urbana de Badalona interv\u00e9 en un bar del barri de La Salut on es traficava amb drogues"},"content":{"rendered":"\n<p>La Gu\u00e0rdia Urbana de Badalona va realitzar ahir dijous al vespre un operatiu policial en un bar del barri de la Salut on es tenia const\u00e0ncia que es traficava amb drogues i que havia causat conflictes amb els ve\u00efns de l\u2019entorn. Durant la intervenci\u00f3 es va detenir una persona per delictes contra la salut p\u00fablica i es van confiscar peces d\u2019haixix preparades per a la venda, diners en efectiu i una arma blanca. Tamb\u00e9 es va identificar a totes les persones que es trobaven en el local i es va aixecar acta contra tres d\u2019elles per possessi\u00f3 de drogues.<\/p>\n\n\n\n<p>En l\u2019actuaci\u00f3 policial tamb\u00e9 van participar t\u00e8cnics del Departament de Salut de l\u2019Ajuntament de Badalona, ja que l\u2019establiment tenia causes pendents detectades en una inspecci\u00f3 de salut efectuada anteriorment. En aquest sentit, durant la intervenci\u00f3 d\u2019ahir, es van aixecar noves actes per d\u00e8ficit de salubritat en el local, una acta per manca de mesures de seguretat i una altra per permetre el consum d\u2019estupefaents dins del bar.<\/p>\n\n\n\n<p>L\u2019alcalde Xavier Garcia Albiol ha explicat que aquesta actuaci\u00f3 \u00e9s un exemple m\u00e9s de la feina que est\u00e0 fent la Gu\u00e0rdia Urbana de Badalona per millorar la seguretat i que est\u00e0 donant resultats. L\u2019alcalde ha destacat la import\u00e0ncia d\u2019aquest tipus d\u2019actuacions, per desmuntar punts de distribuci\u00f3 de drogues. \u201cEls ve\u00efns de Badalona poden tenir la seguretat que continuarem vetllant per la seva tranquil\u00b7litat i per la seva seguretat i, per tant, actuarem contra tots aquells establiments on no es compleixi la legalitat\u201d, ha manifestat.<\/p>\n","protected":false},"excerpt":{"rendered":"<p>La Gu\u00e0rdia Urbana de Badalona va realitzar ahir dijous al vespre un operatiu policial en un bar del barri de la Salut on es tenia const\u00e0ncia que es traficava amb drogues i que havia causat conflictes amb els ve\u00efns de l\u2019entorn. Durant la intervenci\u00f3 es va detenir una persona per delictes contra la salut p\u00fablica [&hellip;]<\/p>\n","protected":false},"author":2,"featured_media":6947,"comment_status":"open","ping_status":"open","sticky":false,"template":"","format":"standard","meta":{"footnotes":""},"categories":[23],"tags":[],"class_list":{"0":"post-6946","1":"post","2":"type-post","3":"status-publish","4":"format-standard","5":"has-post-thumbnail","7":"category-actualitat"},"_links":{"self":[{"href":"https:\/\/areabadalona.com\/diario\/wp-json\/wp\/v2\/posts\/6946","targetHints":{"allow":["GET"]}}],"collection":[{"href":"https:\/\/areabadalona.com\/diario\/wp-json\/wp\/v2\/posts"}],"about":[{"href":"https:\/\/areabadalona.com\/diario\/wp-json\/wp\/v2\/types\/post"}],"author":[{"embeddable":true,"href":"https:\/\/areabadalona.com\/diario\/wp-json\/wp\/v2\/users\/2"}],"replies":[{"embeddable":true,"href":"https:\/\/areabadalona.com\/diario\/wp-json\/wp\/v2\/comments?post=6946"}],"version-history":[{"count":1,"href":"https:\/\/areabadalona.com\/diario\/wp-json\/wp\/v2\/posts\/6946\/revisions"}],"predecessor-version":[{"id":6948,"href":"https:\/\/areabadalona.com\/diario\/wp-json\/wp\/v2\/posts\/6946\/revisions\/6948"}],"wp:featuredmedia":[{"embeddable":true,"href":"https:\/\/areabadalona.com\/diario\/wp-json\/wp\/v2\/media\/6947"}],"wp:attachment":[{"href":"https:\/\/areabadalona.com\/diario\/wp-json\/wp\/v2\/media?parent=6946"}],"wp:term":[{"taxonomy":"category","embeddable":true,"href":"https:\/\/areabadalona.com\/diario\/wp-json\/wp\/v2\/categories?post=6946"},{"taxonomy":"post_tag","embeddable":true,"href":"https:\/\/areabadalona.com\/diario\/wp-json\/wp\/v2\/tags?post=6946"}],"curies":[{"name":"wp","href":"https:\/\/api.w.org\/{rel}","templated":true}]}}