{"id":6943,"date":"2024-05-10T08:23:06","date_gmt":"2024-05-10T08:23:06","guid":{"rendered":"https:\/\/areabadalona.com\/diario\/?p=6943"},"modified":"2024-05-10T08:23:06","modified_gmt":"2024-05-10T08:23:06","slug":"lajuntament-de-badalona-talla-el-subministrament-electric-a-dos-immobles-ocupats-de-la-ciutat-que-estaven-connectats-il%c2%b7legalment-a-lenllumenat-public","status":"publish","type":"post","link":"https:\/\/areabadalona.com\/diario\/2024\/05\/10\/lajuntament-de-badalona-talla-el-subministrament-electric-a-dos-immobles-ocupats-de-la-ciutat-que-estaven-connectats-il%c2%b7legalment-a-lenllumenat-public\/","title":{"rendered":"L\u2019Ajuntament de Badalona talla el subministrament el\u00e8ctric a dos immobles ocupats de la ciutat que estaven connectats il\u00b7legalment a l\u2019enllumenat p\u00fablic"},"content":{"rendered":"\n<p>L\u2019Ajuntament de Badalona ha tallat aquest mat\u00ed el subministrament el\u00e8ctric que s\u2019obtenia de forma il\u00b7legal a dos immobles ocupats de la ciutat. Es tracta d\u2019un habitatge ubicat al barri de Canyet i una antiga empresa ocupada des de fa temps al barri d\u2019El Remei, a la conflu\u00e8ncia del carrer de Guifr\u00e9 amb el carrer de la Primavera, on les persones que ocupen el local han provocat diverses queixes del ve\u00efnat per sorolls i altres mol\u00e8sties.<\/p>\n\n\n\n<p>En el cas del carrer de la Primavera es va detectar la llum enganxada de forma il\u00b7legal directament a l\u2019escomesa general. L\u2019Ajuntament en va retirar l\u2019acc\u00e9s a l\u2019escomesa, per\u00f2 els ocupes van foradar el mur per treure un cable i connectar-se, directament, de forma il\u00b7l\u00edcita a un fanal. Per aquest motiu, l\u2019empresa responsable de l\u2019enllumenat p\u00fablic ha soldat l\u2019acc\u00e9s al fanal per impedir que puguin accedir directament al cablejat i obtenir el subministrament el\u00e8ctric directe evitant aix\u00ed, no nom\u00e9s un frau energ\u00e8tic, sin\u00f3 tamb\u00e9 un problema de seguretat p\u00fablica.<\/p>\n\n\n\n<p>L\u2019alcalde de Badalona, Xavier Garcia Albiol, ha assenyalat que la situaci\u00f3 d\u2019aquests dos immobles ocupats amb relaci\u00f3 al subministrament el\u00e8ctric \u201cposava en risc als ve\u00efns de l\u2019entorn, a m\u00e9s de suposar un consum que repercuteix en tots els ve\u00efns de la ciutat\u201d. Garcia Albiol ha destacat la import\u00e0ncia d\u2019actuacions com aquesta en el context de la lluita contra les ocupacions conflictives, que repercuteixen en la conviv\u00e8ncia i la seguretat. \u201cContinuarem lluitant en defensa dels ve\u00efns que volen viure amb tranquil\u00b7litat\u201d, ha afegit.<\/p>\n","protected":false},"excerpt":{"rendered":"<p>L\u2019Ajuntament de Badalona ha tallat aquest mat\u00ed el subministrament el\u00e8ctric que s\u2019obtenia de forma il\u00b7legal a dos immobles ocupats de la ciutat. Es tracta d\u2019un habitatge ubicat al barri de Canyet i una antiga empresa ocupada des de fa temps al barri d\u2019El Remei, a la conflu\u00e8ncia del carrer de Guifr\u00e9 amb el carrer de [&hellip;]<\/p>\n","protected":false},"author":2,"featured_media":6944,"comment_status":"open","ping_status":"open","sticky":false,"template":"","format":"standard","meta":{"footnotes":""},"categories":[23],"tags":[],"class_list":{"0":"post-6943","1":"post","2":"type-post","3":"status-publish","4":"format-standard","5":"has-post-thumbnail","7":"category-actualitat"},"_links":{"self":[{"href":"https:\/\/areabadalona.com\/diario\/wp-json\/wp\/v2\/posts\/6943","targetHints":{"allow":["GET"]}}],"collection":[{"href":"https:\/\/areabadalona.com\/diario\/wp-json\/wp\/v2\/posts"}],"about":[{"href":"https:\/\/areabadalona.com\/diario\/wp-json\/wp\/v2\/types\/post"}],"author":[{"embeddable":true,"href":"https:\/\/areabadalona.com\/diario\/wp-json\/wp\/v2\/users\/2"}],"replies":[{"embeddable":true,"href":"https:\/\/areabadalona.com\/diario\/wp-json\/wp\/v2\/comments?post=6943"}],"version-history":[{"count":1,"href":"https:\/\/areabadalona.com\/diario\/wp-json\/wp\/v2\/posts\/6943\/revisions"}],"predecessor-version":[{"id":6945,"href":"https:\/\/areabadalona.com\/diario\/wp-json\/wp\/v2\/posts\/6943\/revisions\/6945"}],"wp:featuredmedia":[{"embeddable":true,"href":"https:\/\/areabadalona.com\/diario\/wp-json\/wp\/v2\/media\/6944"}],"wp:attachment":[{"href":"https:\/\/areabadalona.com\/diario\/wp-json\/wp\/v2\/media?parent=6943"}],"wp:term":[{"taxonomy":"category","embeddable":true,"href":"https:\/\/areabadalona.com\/diario\/wp-json\/wp\/v2\/categories?post=6943"},{"taxonomy":"post_tag","embeddable":true,"href":"https:\/\/areabadalona.com\/diario\/wp-json\/wp\/v2\/tags?post=6943"}],"curies":[{"name":"wp","href":"https:\/\/api.w.org\/{rel}","templated":true}]}}