{"id":6940,"date":"2024-05-10T08:21:30","date_gmt":"2024-05-10T08:21:30","guid":{"rendered":"https:\/\/areabadalona.com\/diario\/?p=6940"},"modified":"2024-05-10T08:21:31","modified_gmt":"2024-05-10T08:21:31","slug":"qui-viu-als-estanys-i-basses-del-parc-nova-proposta-de-la-jugatecambiental-per-aquest-diumenge-12-de-maig-al-parc-de-can-solei-i-de-ca-larnus-de-badalona","status":"publish","type":"post","link":"https:\/\/areabadalona.com\/diario\/2024\/05\/10\/qui-viu-als-estanys-i-basses-del-parc-nova-proposta-de-la-jugatecambiental-per-aquest-diumenge-12-de-maig-al-parc-de-can-solei-i-de-ca-larnus-de-badalona\/","title":{"rendered":"Qui viu als estanys i basses del parc? nova proposta de la \u2018Jugatecambiental\u2019 per aquest diumenge 12 de maig al parc de Can Solei i de Ca l\u2019Arn\u00fas de Badalona"},"content":{"rendered":"\n<p>Aquest diumenge 12 de maig, de 12 a 13.30 hores el parc de Can Solei i de Ca l\u2019Arn\u00fas de Badalona acollir\u00e0 una nova proposta de la \u2018Jugatecambiental\u2019: l\u2019activitat Qui viu als estanys i basses del parc?. Es tracta d\u2019una petita passejada per con\u00e8ixer els ecosistemes aqu\u00e0tics que hi ha.<\/p>\n\n\n\n<p>Tothom que hi participi podr\u00e0 con\u00e8ixer l\u2019origen de l\u2019aigua al parc, el llac, les basses, les fonts i quina import\u00e0ncia t\u00e9 la biodiversitat que amaguen els ambients aqu\u00e0tics de Can Solei i de Ca l\u2019Arn\u00fas. Tamb\u00e9, a l\u2019aula d\u2019educaci\u00f3 ambiental (situada al costat del Jard\u00ed de les papallones) s\u2019observaran i coneixeran de prop organismes aqu\u00e0tics que s\u2019hauran capturat pr\u00e8viament i, amb una lupa binocular, es podran observar els organismes aqu\u00e0tics m\u00e9s petits.<\/p>\n\n\n\n<p>A m\u00e9s, de les 11.30 a les 13.30 hores, hi haur\u00e0 l\u2019espai de joc i aprenentatge a la \u2018Jugatecambiental\u2019 que es troba a l\u2019antic bar a tocar dels jocs infantils<\/p>\n\n\n\n<p>Totes les activitats s\u00f3n gratu\u00eftes, no cal inscripci\u00f3 pr\u00e8via, i el punt de trobada (per a l\u2019activitat Qui viu als estanys i basses del parc?) \u00e9s a la \u2018Jugatecambiental\u2019 a partir de les 11.30 hores.<\/p>\n\n\n\n<p>El projecte de les Jugatecambientals del parc de Can Solei i de Ca l\u2019Arn\u00fas i del parc del Torrent de la Font i del Tur\u00f3 de l\u2019Enric \u00e9s fruit d\u2019una col\u00b7laboraci\u00f3 entre l\u2019Ajuntament de Badalona i l\u2019\u00c0rea Metropolitana de Barcelona.<\/p>\n","protected":false},"excerpt":{"rendered":"<p>Aquest diumenge 12 de maig, de 12 a 13.30 hores el parc de Can Solei i de Ca l\u2019Arn\u00fas de Badalona acollir\u00e0 una nova proposta de la \u2018Jugatecambiental\u2019: l\u2019activitat Qui viu als estanys i basses del parc?. Es tracta d\u2019una petita passejada per con\u00e8ixer els ecosistemes aqu\u00e0tics que hi ha. Tothom que hi participi podr\u00e0 [&hellip;]<\/p>\n","protected":false},"author":2,"featured_media":6941,"comment_status":"open","ping_status":"open","sticky":false,"template":"","format":"standard","meta":{"footnotes":""},"categories":[24],"tags":[],"class_list":{"0":"post-6940","1":"post","2":"type-post","3":"status-publish","4":"format-standard","5":"has-post-thumbnail","7":"category-societat"},"_links":{"self":[{"href":"https:\/\/areabadalona.com\/diario\/wp-json\/wp\/v2\/posts\/6940","targetHints":{"allow":["GET"]}}],"collection":[{"href":"https:\/\/areabadalona.com\/diario\/wp-json\/wp\/v2\/posts"}],"about":[{"href":"https:\/\/areabadalona.com\/diario\/wp-json\/wp\/v2\/types\/post"}],"author":[{"embeddable":true,"href":"https:\/\/areabadalona.com\/diario\/wp-json\/wp\/v2\/users\/2"}],"replies":[{"embeddable":true,"href":"https:\/\/areabadalona.com\/diario\/wp-json\/wp\/v2\/comments?post=6940"}],"version-history":[{"count":1,"href":"https:\/\/areabadalona.com\/diario\/wp-json\/wp\/v2\/posts\/6940\/revisions"}],"predecessor-version":[{"id":6942,"href":"https:\/\/areabadalona.com\/diario\/wp-json\/wp\/v2\/posts\/6940\/revisions\/6942"}],"wp:featuredmedia":[{"embeddable":true,"href":"https:\/\/areabadalona.com\/diario\/wp-json\/wp\/v2\/media\/6941"}],"wp:attachment":[{"href":"https:\/\/areabadalona.com\/diario\/wp-json\/wp\/v2\/media?parent=6940"}],"wp:term":[{"taxonomy":"category","embeddable":true,"href":"https:\/\/areabadalona.com\/diario\/wp-json\/wp\/v2\/categories?post=6940"},{"taxonomy":"post_tag","embeddable":true,"href":"https:\/\/areabadalona.com\/diario\/wp-json\/wp\/v2\/tags?post=6940"}],"curies":[{"name":"wp","href":"https:\/\/api.w.org\/{rel}","templated":true}]}}