{"id":6937,"date":"2024-05-10T08:20:16","date_gmt":"2024-05-10T08:20:16","guid":{"rendered":"https:\/\/areabadalona.com\/diario\/?p=6937"},"modified":"2024-05-10T08:20:21","modified_gmt":"2024-05-10T08:20:21","slug":"la-cremada-del-dimoni-apugem-els-preus-tindra-lloc-aquest-divendres-a-la-nit-vigilia-de-sant-anastasi-a-la-platja-dels-pescadors","status":"publish","type":"post","link":"https:\/\/areabadalona.com\/diario\/2024\/05\/10\/la-cremada-del-dimoni-apugem-els-preus-tindra-lloc-aquest-divendres-a-la-nit-vigilia-de-sant-anastasi-a-la-platja-dels-pescadors\/","title":{"rendered":"La Cremada del Dimoni \u201cApugem els preus\u201d tindr\u00e0 lloc aquest divendres a la nit, vig\u00edlia de Sant Anastasi, a la platja dels Pescadors"},"content":{"rendered":"\n<p>El Dimoni \u2018Apugem els preus\u2019, figura dissenyada per Cristian Jer\u00f3nimo i constru\u00efda per Ramon de los Heros inspirada en la pujada de preus de la cistella de la compra, cremar\u00e0 divendres 10 de maig a la nit, vig\u00edlia de Sant Anastasi a la platja dels Pescadors com a acte central de la Cremada del Dimoni. Enguany, com a gran novetat, abans del Piromuscial tindr\u00e0 lloc un espectacle de tecnologia i llum protagonitzat per m\u00e9s de 200 drons que sobrevolaran el cel de Badalona. Un cop apagades les flames, la m\u00fasica prendr\u00e0 el relleu festiu amb el Ball del Micaco, amb l\u2019orquestra Maravella a la pla\u00e7a de la Plana, i els Concerts de Festes, al passeig Mar\u00edtim, amb Abraham Mateo i els Stay Homas.<\/p>\n\n\n\n<p>M\u00e9s informaci\u00f3 sobre la programaci\u00f3 de les Festes de Maig:<\/p>\n\n\n\n<figure class=\"wp-block-embed\"><div class=\"wp-block-embed__wrapper\">\nhttps:\/\/agendacultural.badalona.cat\n<\/div><\/figure>\n\n\n\n<figure class=\"wp-block-embed is-type-wp-embed is-provider-festes-de-maig wp-block-embed-festes-de-maig\"><div class=\"wp-block-embed__wrapper\">\n<blockquote class=\"wp-embedded-content\" data-secret=\"nEH0ZWLvz9\"><a href=\"https:\/\/festesdemaig.cat\/\">Inici<\/a><\/blockquote><iframe loading=\"lazy\" class=\"wp-embedded-content\" sandbox=\"allow-scripts\" security=\"restricted\" style=\"position: absolute; clip: rect(1px, 1px, 1px, 1px);\" title=\"&#8220;Inici&#8221; &#8212; Festes de Maig\" src=\"https:\/\/festesdemaig.cat\/embed\/#?secret=Tba3cmw5yZ#?secret=nEH0ZWLvz9\" data-secret=\"nEH0ZWLvz9\" width=\"600\" height=\"338\" frameborder=\"0\" marginwidth=\"0\" marginheight=\"0\" scrolling=\"no\"><\/iframe>\n<\/div><\/figure>\n\n\n\n<p>X: @festesdemaig<\/p>\n\n\n\n<p>Facebook festesdemaigbdn<\/p>\n\n\n\n<p>Instagram: festesdemaig<\/p>\n\n\n\n<p><strong>Nit de Sant Anastasi i Cremada del Dimoni<\/strong><\/p>\n\n\n\n<p>El divendres 10 de maig, vig\u00edlia de Sant Anastasi, se celebrar\u00e0 la Nit de Sant Anastasi, formada per un conjunt d&#8217;actes consecutius que precedeixen a la Cremada del Dimoni.<\/p>\n\n\n\n<p><strong>Repic de campanes de vig\u00edlia<\/strong>. 17 hores. Esgl\u00e9sia de Santa Maria.<\/p>\n\n\n\n<p>Anuncia que l\u2019endem\u00e0 \u00e9s la festivitat de Sant Anastasi. A c\u00e0rrec de Campaners de Badalona.<\/p>\n\n\n\n<p><strong>Ball a pla\u00e7a<\/strong>. 19 hores. Pla\u00e7a de la Vila. Abans de comen\u00e7ar el Seguici, els diferents balls que el formen faran un llu\u00efment a la pla\u00e7a de la Vila.<\/p>\n\n\n\n<p><strong>Seguici de la ciutat.<\/strong>&nbsp;El Seguici, format pels entremesos de la ciutat, en un sentit simb\u00f2lic, es dirigeix a acomiadar-se del Dimoni.<\/p>\n\n\n\n<p>Formen el Seguici: Miquelets de Badalona, Diables Kapaoltis, Bufons del Foc, Ball de Diables de Badalona, Dragolins Xarop, Pomada i Xeringueta, Dom Fumera de Pavillard, Drac Trempat, V\u00edbria Trempada, Mulassa, Capgrossos vells, gegants Anastasi i Maria, Jeroni i Badamar, Ferrer de Gualbes i Elionor de Sant Climent i Ripal i Brunel\u00b7la de Mar, T\u00edpic Ball de Bastons de Canyet, Ball de Cercolets, Ball de Punts, Danses de Maig, Castellers de Badalona, \u00c0liga, macers i Corporaci\u00f3 Municipal.<\/p>\n\n\n\n<p>Acte Sacramental. A continuaci\u00f3 al Passeig de la Rambla, davant del monument a Roca i Pi. Ball parlat de tradici\u00f3 centen\u00e0ria en el qual es representa la lluita entre el B\u00e9 (Sant Anastasi) i el Mal (Borrons, Llucifer i Diablessa). A c\u00e0rrec del Ball de Diables de Badalona.<\/p>\n\n\n\n<p><strong>Ball de l\u2019\u00c0liga.<\/strong>&nbsp;A continuaci\u00f3. Passeig de la Rambla, davant del monument a Roca i Pi. A c\u00e0rrec de la Colla de Geganters de Badalona.<\/p>\n\n\n\n<p><strong>Espectacle de Drons de les Festes de Maig 2024. <\/strong>22 hores. Platja dels Pescadors. Per primera vegada a Badalona, la tecnologia i la llum se sumen a l\u2019acte central de les Festes de Maig, mitjan\u00e7ant un espectacle amb 200 drons que oferir\u00e0 una exhibici\u00f3 de figures de llum al cel, que aniran acompanyades de m\u00fasica. Un espectacle \u00fanic que combinar\u00e0 figures geom\u00e8triques de gran format amb altres creades especialment per a l\u2019ocasi\u00f3, i que representaran les formes d\u2019alguns dels s\u00edmbols m\u00e9s emblem\u00e0tics de la nostra ciutat.<\/p>\n\n\n\n<p><strong>Piromusical.<\/strong>&nbsp;La combinaci\u00f3 de llum, color i m\u00fasica d\u2019un dels espectacles m\u00e9s esperats a Badalona. Els focs artificials il\u00b7luminaran el cel al ritme d\u2019una acurada tria de can\u00e7ons emblem\u00e0tiques de diverses \u00e8poques.<\/p>\n\n\n\n<p><strong>Cremada del Dimoni.<\/strong>&nbsp;L\u2019acte festiu m\u00e9s genu\u00ed del patrimoni folkl\u00f2ric de Badalona. Un esdeveniment cultural singular i distintiu de la ciutat de Badalona.<\/p>\n\n\n\n<p>L\u2019espai reservat per a persones amb diversitat funcional est\u00e0 situat al passeig Mar\u00edtim, al costat de la caseta dels Pescadors. Cal accedir-hi pel pas subterrani de l\u2019avinguda d\u2019en Mart\u00ed Pujol.<\/p>\n\n\n\n<p><strong>Programa especial de Televisi\u00f3 de Badalona<\/strong><\/p>\n\n\n\n<p>A partir de les 19:00 hores i fins a les 22:30 hores, el plat\u00f3 de Televisi\u00f3 de Badalona es despla\u00e7ar\u00e0 fins a la Rambla de Badalona, davant de l&#8217;Escola del Mar. El programa especial inclou un seguiment de l&#8217;espectacle de drons sobre el mar, el seguici fins a la Rambla, el Piromusical i la Cremada del Dimoni. Per primera vegada, Televisi\u00f3 de Badalona oferir\u00e0 imatges a\u00e8ries dels actes a trav\u00e9s d&#8217;una c\u00e0mera ubicada en un dron.<\/p>\n\n\n\n<p><strong>CONCERTS DE FESTES<\/strong><\/p>\n\n\n\n<p><strong>10 de maig. <\/strong>Passeig Mar\u00edtim (Platja del Coco)<\/p>\n\n\n\n<p><strong>Abraham Mateo<\/strong>. 23.45 hores.<\/p>\n\n\n\n<p>Artista preco\u00e7 i vers\u00e0til, fusionant el pop, el reggaeton i el R&amp;B amb \u00e8xits rere \u00e8xits. Abraham Mateo far\u00e0 vibrar Badalona en una nit on repassar\u00e0 els seu hits i tamb\u00e9 ser\u00e0 una de les primeres oportunitats per escoltar el seu darrer \u00e0lbum, Insomnio.<\/p>\n\n\n\n<p><strong>Stay Homas.<\/strong>&nbsp;01.30 hores. Nascuts en ple confinament, l\u2019any 2020, s\u2019han consolidat dins del panorama musical estatal i internacional amb un grapat de temes molt conegut i s\u2019han consolidat amb un dels grups amb millor directe del pa\u00eds.<\/p>\n\n\n\n<p><strong>11 de maig.<\/strong>&nbsp;Passeig Mar\u00edtim (Platja del Coco)<\/p>\n\n\n\n<p><strong>Anarkids.<\/strong>&nbsp;21 hores. Guanyadors del Concurs de M\u00fasica de Badalona organitzat per La Rotllana, faran vibrar al p\u00fablic amb el seu<\/p>\n\n\n\n<p>rap directe, punyent i rebel.<\/p>\n\n\n\n<p><strong>Els Amics de les Arts<\/strong>. 22.15 hores. 20 anys de traject\u00f2ria exitosa avalen aquest grup que amb can\u00e7ons com Louisiana, Els Camps De Cot\u00f3 o Jean-Luc, s\u2019han convertit en himnes intergeneracionals.<\/p>\n\n\n\n<p><strong>Suu.<\/strong>&nbsp;00 hores. Es tracta d\u2019una de les cares m\u00e9s visibles de la nova fornada de m\u00fasics catalans del g\u00e8nere pop-indie. Amb tres discos publicats, l\u2019artista ha traspassat fronteres amb les seves can\u00e7ons, la seva carism\u00e0tica personalitat i el seu comprom\u00eds amb l\u2019empoderament de la dona.<\/p>\n\n\n\n<p>Per accedir a l\u2019espai reservat per a persones amb diversitat funcional cal dirigir-se al personal de control d\u2019acc\u00e9s que hi haur\u00e0 al costat de l\u2019escenari dels concerts situat al final del passeig Mar\u00edtim (tocant al Port), accedint pel carrer de Cervantes.<\/p>\n\n\n\n<p><strong>A ballar!<\/strong><\/p>\n\n\n\n<p><strong>Ball de Festa Major per a gent gran<\/strong><\/p>\n\n\n\n<p>Divendres, 10 de maig. 18 hores. Pla\u00e7a de la Plana<\/p>\n\n\n\n<p>L\u2019<strong>Orquestra Maravella <\/strong>representa la m\u00fasica festiva per a totes les edats. Es<\/p>\n\n\n\n<p>podr\u00e0 gaudir de diversos estils i de la millor m\u00fasica en directe.<\/p>\n\n\n\n<p><strong>Ball del Micaco<\/strong><\/p>\n\n\n\n<p>Divendres 10 de maig. 23.15 hores. Pla\u00e7a de la Plana. <strong>Orquestra Maravella<\/strong>.<\/p>\n\n\n\n<p>Despr\u00e9s de la Cremada del Dimoni, ball amb les m\u00fasiques de sempre per\u00f2 que no passen de moda de la m\u00e0 d\u2019una de les orquestres m\u00e9s reconegudes<\/p>\n\n\n\n<p>pel gran p\u00fablic.<\/p>\n\n\n\n<p><strong>Dissabte 11 de maig<\/strong><\/p>\n\n\n\n<p><strong>Festivitat de Sant Anastasi<\/strong><\/p>\n\n\n\n<p>Els actes festius del dia de Sant Anastasi del dissabte 11 de maig comen\u00e7aran ben d\u2019hora.<\/p>\n\n\n\n<p><strong>Matinades<\/strong>. A partir de les 8 del mat\u00ed els grallers i els diables recorreran els carrers dels barris del Centre i de Dalt de la Vila per anunciar sorollosament l\u2019inici de la festivitat de Sant Anastasi.<\/p>\n\n\n\n<p><strong>Repic de Festa. <\/strong>El repic de les campanes de l\u2019esgl\u00e9sia de Santa Maria, a c\u00e0rrec dels Campaners de Badalona, anunciaran a partir de les 10 hores la festivitat de Sant Anastasi.<\/p>\n\n\n\n<p><strong>Anada a ofici. <\/strong>La corporaci\u00f3 municipal recorrer\u00e0 els carrers des de la pla\u00e7a de la Vila fins a la pla\u00e7a de Barber\u00e0 acompanyada de balls populars.<\/p>\n\n\n\n<p><strong>Repic de Campanes. <\/strong>A les 10.45 hores el repic de campanes a c\u00e0rrec dels Campaners de Badalona anunciar\u00e0 l\u2019ofici de Sant Anastasi. <strong>Ofici Solemne<\/strong>. Missa de Sant Josep, del mestre badalon\u00ed Salvador Valls i Franch (1882- 1936), interpretada amb orgue i amb la col\u00b7laboraci\u00f3 de la Coral La Badalonense. Inclou l\u2019ofrena del Ball de l\u2019\u00c0liga.<\/p>\n\n\n\n<p><strong>Tornada d\u2019Ofici. <\/strong>La corporaci\u00f3 municipal tornar\u00e0, acompanyada dels balls populars, fins a la pla\u00e7a de la Vila.<\/p>\n\n\n\n<p><strong>Ritual de sortida de la imatge de Sant Anastasi<\/strong>. 18 hores. Esgl\u00e9sia de Santa Maria. Primer Ball de la Bandera de Sant Anastasi, Ball dels Satanasis i Ball del Bar\u00f3 de Mald\u00e0. A c\u00e0rrec de la Confraria de Sant Anastasi.<\/p>\n\n\n\n<p><strong>Passada de Sant Anastasi<\/strong>. 19 hores. Carrer del Temple. Recorregut amb la imatge de Sant Anastasi, acompanyada pels entremesos i la corporaci\u00f3 municipal. Recorregut: carrers del Temple, de Via Augusta, de Sant Anastasi, de Francesc Layret, de Sant Miquel, del Canonge Baranera, del Carme, de Francesc Layret i del Temple i pla\u00e7a de Barber\u00e0.<\/p>\n\n\n\n<p><strong>Esclat de festa<\/strong><\/p>\n\n\n\n<p>Quan el Sant arriba al repl\u00e0 de l\u2019Esgl\u00e9sia de Santa Maria, esclata la festa! Tots els entremesos ballen a la vegada i t\u00e9 lloc l\u2019\u00faltim Ball de la Bandera.<\/p>\n\n\n\n<p><strong>Cant dels Goigs<\/strong>, 21 hores. Esgl\u00e9sia de Santa Maria<\/p>\n\n\n\n<p>L\u2019acte s\u2019acabar\u00e0 dins de l\u2019esgl\u00e9sia amb el Cant dels Goigs en honor a Sant Anastasi.<\/p>\n\n\n\n<p><strong>Toca Tancar.<\/strong>\u00b7Tots els balls que han participat a la Passada, tornen cap a la pla\u00e7a de la Vila ballant i mostrant el seu costat m\u00e9s esbojarrat, amb una gran festa final de tots els entremesos al bell mig de la pla\u00e7a.<\/p>\n\n\n\n<p><strong>Altres actes festius de la diada de Sant Anastasi<\/strong><\/p>\n\n\n\n<p><strong>Dinar Popular<\/strong>. A les 14.30 hores a la pla\u00e7a de la Plana<\/p>\n\n\n\n<p>17 hores. Actuaci\u00f3 infantil La Tresca i la Verdesca.<\/p>\n\n\n\n<p><strong>Ballada de Sardanes<\/strong>. A partir de les 18.30 hores a la pla\u00e7a de la Vila amb la Cobla Marinada i l\u2019organitzaci\u00f3 de Badalona Sardanista.<\/p>\n\n\n\n<p><strong>Ball de Gralles.<\/strong>&nbsp;Acabat el Toca Tancar. Pla\u00e7a de la Vila.<\/p>\n\n\n\n<p><strong>Diumenge 12 de maig<\/strong><\/p>\n\n\n\n<p><strong>Diada Castellera<\/strong><\/p>\n\n\n\n<p><strong>Presentaci\u00f3 del casteller honor\u00edfic i cercavila<\/strong>. 11.15 hores. Carrer del Mar, cantonada amb passeig de la Rambla.<\/p>\n\n\n\n<p><strong>Diada Castellera. <\/strong>12 hores. Pla\u00e7a de la Vila. Amb l\u2019actuaci\u00f3 dels Castellers de Badalona, la Colla Castellera Sant Pere i Sant Pau i els Castellers del Foix Cubelles. A c\u00e0rrec dels Castellers de Badalona.<\/p>\n\n\n\n<p><strong>Mostra de Dansa<\/strong><\/p>\n\n\n\n<p>12 de maig. De 12 a 14 hores i de 18 a 20 hores. Pla\u00e7a de la Plana.<\/p>\n\n\n\n<p>Hi participen les seg\u00fcents escoles de dansa de Badalona:<\/p>\n\n\n\n<p>\u2022 12 hores. Danzalona, Escola de Dansa Marisa Yudes, Estudi de Flamenc i Dansa Lora de Goya, L\u2019Assaig, Moviment-2, MultiStudio Dance i Stil.<\/p>\n\n\n\n<p>\u2022 18 hores. Atelier des Artistes, Ballet S\u00edlvia Pallisera, Quality Dance Studio, Ritmes, The Lil Fakulty i Tribu Urbana Center.<\/p>\n","protected":false},"excerpt":{"rendered":"<p>El Dimoni \u2018Apugem els preus\u2019, figura dissenyada per Cristian Jer\u00f3nimo i constru\u00efda per Ramon de los Heros inspirada en la pujada de preus de la cistella de la compra, cremar\u00e0 divendres 10 de maig a la nit, vig\u00edlia de Sant Anastasi a la platja dels Pescadors com a acte central de la Cremada del Dimoni. [&hellip;]<\/p>\n","protected":false},"author":2,"featured_media":6938,"comment_status":"open","ping_status":"open","sticky":false,"template":"","format":"standard","meta":{"footnotes":""},"categories":[25],"tags":[],"class_list":{"0":"post-6937","1":"post","2":"type-post","3":"status-publish","4":"format-standard","5":"has-post-thumbnail","7":"category-cultura"},"_links":{"self":[{"href":"https:\/\/areabadalona.com\/diario\/wp-json\/wp\/v2\/posts\/6937","targetHints":{"allow":["GET"]}}],"collection":[{"href":"https:\/\/areabadalona.com\/diario\/wp-json\/wp\/v2\/posts"}],"about":[{"href":"https:\/\/areabadalona.com\/diario\/wp-json\/wp\/v2\/types\/post"}],"author":[{"embeddable":true,"href":"https:\/\/areabadalona.com\/diario\/wp-json\/wp\/v2\/users\/2"}],"replies":[{"embeddable":true,"href":"https:\/\/areabadalona.com\/diario\/wp-json\/wp\/v2\/comments?post=6937"}],"version-history":[{"count":1,"href":"https:\/\/areabadalona.com\/diario\/wp-json\/wp\/v2\/posts\/6937\/revisions"}],"predecessor-version":[{"id":6939,"href":"https:\/\/areabadalona.com\/diario\/wp-json\/wp\/v2\/posts\/6937\/revisions\/6939"}],"wp:featuredmedia":[{"embeddable":true,"href":"https:\/\/areabadalona.com\/diario\/wp-json\/wp\/v2\/media\/6938"}],"wp:attachment":[{"href":"https:\/\/areabadalona.com\/diario\/wp-json\/wp\/v2\/media?parent=6937"}],"wp:term":[{"taxonomy":"category","embeddable":true,"href":"https:\/\/areabadalona.com\/diario\/wp-json\/wp\/v2\/categories?post=6937"},{"taxonomy":"post_tag","embeddable":true,"href":"https:\/\/areabadalona.com\/diario\/wp-json\/wp\/v2\/tags?post=6937"}],"curies":[{"name":"wp","href":"https:\/\/api.w.org\/{rel}","templated":true}]}}