{"id":6931,"date":"2024-05-03T12:15:17","date_gmt":"2024-05-03T12:15:17","guid":{"rendered":"https:\/\/areabadalona.com\/diario\/?p=6931"},"modified":"2024-05-09T12:16:34","modified_gmt":"2024-05-09T12:16:34","slug":"lempresari-badaloni-enrique-tomas-dona-el-tret-de-sortida-de-les-festes-de-maig-2024-amb-un-prego-en-el-qual-ha-afirmat-que-badalona-es-una-de-les-millors-ciutats-del-mediterrani","status":"publish","type":"post","link":"https:\/\/areabadalona.com\/diario\/2024\/05\/03\/lempresari-badaloni-enrique-tomas-dona-el-tret-de-sortida-de-les-festes-de-maig-2024-amb-un-prego-en-el-qual-ha-afirmat-que-badalona-es-una-de-les-millors-ciutats-del-mediterrani\/","title":{"rendered":"L\u2019empresari badalon\u00ed Enrique Tom\u00e1s d\u00f3na el tret de sortida de les Festes de Maig 2024 amb un preg\u00f3 en el qual ha afirmat que Badalona \u00e9s una de les millors ciutats del Mediterrani"},"content":{"rendered":"\n<p>L\u2019empresari badalon\u00ed Enrique Tom\u00e1s ha estat l\u2019encarregat de pronunciar el preg\u00f3 des del balc\u00f3 de la Casa de la Vila de les Festes de Maig de Badalona 2024. El conegut empresari, ambaixador del pernil arreu del m\u00f3n, ha afirmat en el seu preg\u00f3&nbsp; que Badalona \u00e9s una de es millors ciutats del Mediterrani.<\/p>\n\n\n\n<p><strong>De Badalona al m\u00f3n<\/strong><\/p>\n\n\n\n<p>Nascut a Badalona l\u2019any 1966, Enrique Tom\u00e1s \u00e9s el petit d&#8217;onze germans. L&#8217;any 1982 va comen\u00e7ar la seva activitat empresarial amb una petita parada al Mercat de la Salut. Des dels seus inicis darrere el taulell, fruit de l&#8217;esfor\u00e7, la capacitat per a entendre les necessitats dels clients a trav\u00e9s del tracte directe i l\u2019especialitzaci\u00f3 en el producte ib\u00e8ric, Tom\u00e1s ha aconseguit ser el principal referent del pernil arreu del m\u00f3n. Avui dia, l\u2019empresari badalon\u00ed lidera una empresa amb m\u00e9s 120 botigues situades en diversos pa\u00efsos d&#8217;Europa i Am\u00e8rica i que ja es prepara per desembarcar en el mercat asi\u00e0tic amb l\u2019obertura de quatre nous establiments a la Xina.<\/p>\n\n\n\n<p><strong>El preg\u00f3<\/strong><\/p>\n\n\n\n<p>L&#8217;alcalde de Badalona, Xavier Garcia Albiol, ha donat la benvinguda als badalonins i ha presentat al pregoner, explicant que Enrique Tom\u00e1s no desaprofita cap oportunitat per mostrar arreu del m\u00f3n el seu orgull per Badalona.<\/p>\n\n\n\n<p>Enrique Tom\u00e1s des del balc\u00f3 de la Casa de la Vila s\u2019ha dirigit al p\u00fablic que omplia la pla\u00e7a. En un preg\u00f3 emotiu, ha recordat els seus inicis al barri de la Salut i ha volgut remarcar que \u201cper a mi, Badalona continua sent el centre del meu m\u00f3n\u201d. Tamb\u00e9 ha demanat confian\u00e7a i esfor\u00e7 a tots els badalonins \u201cperqu\u00e8 tots i cadascun de vosaltres sou molt importants i estic conven\u00e7ut que farem que Badalona acabi sent una de les millors ciutats d\u2019Europa\u201d.<\/p>\n\n\n\n<p>Les seves paraules han estat acompanyades per una int\u00e8rpret de llenguatge de signes que ha ajudat les persones amb discapacitat auditiva a seguir el preg\u00f3, i tamb\u00e9 s\u2019han pogut escoltar i veure a trav\u00e9s de R\u00e0dio Ciutat de Badalona i Televisi\u00f3 de Badalona.<\/p>\n\n\n\n<p>Podeu escoltar el preg\u00f3 \u00edntegre al servei a la carta de R\u00e0dio Ciutat de Badalona en aquest enlla\u00e7 <a href=\"https:\/\/radio.bdncom.cat\/programs\/especials-radio-ciutat-de-badalona\/radiob_podcast_21521\">https:\/\/radio.bdncom.cat\/programs\/especials-radio-ciutat-de-badalona\/radiob_podcast_21521<\/a> i en versi\u00f3 v\u00eddeo al canal de YouTube de Badalona Comunicaci\u00f3 (<a href=\"mailto:youtube.com\/@BadalonaComunicacio\">youtube.com\/@BadalonaComunicacio<\/a>).<\/p>\n\n\n\n<p><strong>Inici de les Festes de Maig 2024<\/strong><\/p>\n\n\n\n<p>Despr\u00e9s del Preg\u00f3, tamb\u00e9 a la pla\u00e7a de la Vila, la m\u00fasica ha pres el protagonisme amb el <strong>Tribut a Queen<\/strong>&nbsp;de <strong>Momo Cort\u00e9s<\/strong>, un xou per recordar un dels grups m\u00e9s importants del segle XX i homenatjar de tot cor la figura de Freddie Mercury.<\/p>\n\n\n\n<p>A les 21.30 hores, organitzada per la Comissi\u00f3 de Festes, t\u00e9 lloc <strong>la Nit del Mono<\/strong>. A partir de la figura del capgr\u00f2s del mono, es far\u00e0 una cercavila nocturna i festiva amb m\u00fasica de gralles i xaranga des de la pla\u00e7a de la Vila passant pels carrers de Baix a Mar i amb final davant la figura del Dimoni al passeig Mar\u00edtim. En acabar, la festa continuar\u00e0 amb un ball al ritme de discj\u00f2queis a la platja.<\/p>\n","protected":false},"excerpt":{"rendered":"<p>L\u2019empresari badalon\u00ed Enrique Tom\u00e1s ha estat l\u2019encarregat de pronunciar el preg\u00f3 des del balc\u00f3 de la Casa de la Vila de les Festes de Maig de Badalona 2024. El conegut empresari, ambaixador del pernil arreu del m\u00f3n, ha afirmat en el seu preg\u00f3&nbsp; que Badalona \u00e9s una de es millors ciutats del Mediterrani. De Badalona [&hellip;]<\/p>\n","protected":false},"author":2,"featured_media":6932,"comment_status":"open","ping_status":"open","sticky":false,"template":"","format":"standard","meta":{"footnotes":""},"categories":[25],"tags":[],"class_list":{"0":"post-6931","1":"post","2":"type-post","3":"status-publish","4":"format-standard","5":"has-post-thumbnail","7":"category-cultura"},"_links":{"self":[{"href":"https:\/\/areabadalona.com\/diario\/wp-json\/wp\/v2\/posts\/6931","targetHints":{"allow":["GET"]}}],"collection":[{"href":"https:\/\/areabadalona.com\/diario\/wp-json\/wp\/v2\/posts"}],"about":[{"href":"https:\/\/areabadalona.com\/diario\/wp-json\/wp\/v2\/types\/post"}],"author":[{"embeddable":true,"href":"https:\/\/areabadalona.com\/diario\/wp-json\/wp\/v2\/users\/2"}],"replies":[{"embeddable":true,"href":"https:\/\/areabadalona.com\/diario\/wp-json\/wp\/v2\/comments?post=6931"}],"version-history":[{"count":1,"href":"https:\/\/areabadalona.com\/diario\/wp-json\/wp\/v2\/posts\/6931\/revisions"}],"predecessor-version":[{"id":6933,"href":"https:\/\/areabadalona.com\/diario\/wp-json\/wp\/v2\/posts\/6931\/revisions\/6933"}],"wp:featuredmedia":[{"embeddable":true,"href":"https:\/\/areabadalona.com\/diario\/wp-json\/wp\/v2\/media\/6932"}],"wp:attachment":[{"href":"https:\/\/areabadalona.com\/diario\/wp-json\/wp\/v2\/media?parent=6931"}],"wp:term":[{"taxonomy":"category","embeddable":true,"href":"https:\/\/areabadalona.com\/diario\/wp-json\/wp\/v2\/categories?post=6931"},{"taxonomy":"post_tag","embeddable":true,"href":"https:\/\/areabadalona.com\/diario\/wp-json\/wp\/v2\/tags?post=6931"}],"curies":[{"name":"wp","href":"https:\/\/api.w.org\/{rel}","templated":true}]}}