{"id":6928,"date":"2024-05-06T12:12:52","date_gmt":"2024-05-06T12:12:52","guid":{"rendered":"https:\/\/areabadalona.com\/diario\/?p=6928"},"modified":"2024-05-09T12:13:58","modified_gmt":"2024-05-09T12:13:58","slug":"comencen-les-obres-per-substituir-la-gespa-artificial-del-camp-de-futbol-7-de-montigala","status":"publish","type":"post","link":"https:\/\/areabadalona.com\/diario\/2024\/05\/06\/comencen-les-obres-per-substituir-la-gespa-artificial-del-camp-de-futbol-7-de-montigala\/","title":{"rendered":"Comencen les obres per substituir la gespa artificial del camp de futbol 7 de Montigal\u00e0"},"content":{"rendered":"\n<p>Aquesta setmana han comen\u00e7at els treballs de substituci\u00f3 de la gespa artificial del camp de futbol 7 de Montigal\u00e0 per tal d\u2019adequar l\u2019espai i fer front a l\u2019envelliment de la instal\u00b7laci\u00f3. L\u2019actuaci\u00f3 durar\u00e0 com a m\u00e0xim 3 mesos, costar\u00e0 72.000 euros i ser\u00e0 executada per l\u2019empresa Sports&amp;Landscape SL. Es preveu que el termini d\u2019execuci\u00f3 de les obres es redueixi i puguin estar enllestides a principis del mes de juny.<\/p>\n\n\n\n<p>A m\u00e9s de la de retirada de la gespa actual, molt deteriorada, i la substituci\u00f3 per una de nova, els treballs inclouen el canvi 3 canons de reg existents per uns de nous i la renovaci\u00f3 de la bomba d\u2019impulsi\u00f3 de la cisterna que alimenta els canons de reg, que actualment es troba espatllada. Tamb\u00e9 s\u2019actuar\u00e0 sobre el sistema de drenatge, realitzant una neteja de les canals i substituint les que estiguin malmeses. A m\u00e9s, s\u2019amplia la superf\u00edcie de gespa artificial del camp per cobrir les canals de drenatge i minimitzar aix\u00ed l\u2019entrada del cautx\u00fa al sistema. Pel que fa als elements del camp, s\u2019instal\u00b7laran noves xarxes a les porteries.<\/p>\n\n\n\n<p>Aquesta actuaci\u00f3 es fa per adequar l\u2019equipament i dotar-lo de les condicions \u00f2ptimes per a la correcta pr\u00e0ctica esportiva. D\u2019aquesta manera es vol garantir la seguretat dels usuaris, evitar possibles lesions i millorar les prestacions del terreny de joc.<\/p>\n\n\n\n<p>L\u2019alcalde de Badalona, Xavier Garcia Albiol, que va visitar divendres el camp per veure els treballs,&nbsp; ha expressat la seva satisfacci\u00f3, ja que \u201cla gespa es trobava en una situaci\u00f3 lamentable i els esportistes que hi entrenen feia molt de temps que esperaven una soluci\u00f3\u201d. \u201cEntre altres millores em vaig comprometre a canviar la gespa d\u2019aquest camp de futbol 7 i aix\u00f2 ja s\u2019est\u00e0 fent realitat perqu\u00e8 s\u2019hi pugui entrenar i jugar en les millors condicions\u201d, ha explicat l\u2019alcalde. Garcia Albiol ha afegit que el comprom\u00eds del govern municipal per a la millora de les instal\u00b7lacions esportives \u00e9s total i que en els pr\u00f2xims mesos es far\u00e0 la mateixa operaci\u00f3 de substituci\u00f3 de gespa artificial en altres camps d\u2019esport de la ciutat.<\/p>\n","protected":false},"excerpt":{"rendered":"<p>Aquesta setmana han comen\u00e7at els treballs de substituci\u00f3 de la gespa artificial del camp de futbol 7 de Montigal\u00e0 per tal d\u2019adequar l\u2019espai i fer front a l\u2019envelliment de la instal\u00b7laci\u00f3. L\u2019actuaci\u00f3 durar\u00e0 com a m\u00e0xim 3 mesos, costar\u00e0 72.000 euros i ser\u00e0 executada per l\u2019empresa Sports&amp;Landscape SL. Es preveu que el termini d\u2019execuci\u00f3 de [&hellip;]<\/p>\n","protected":false},"author":2,"featured_media":6929,"comment_status":"open","ping_status":"open","sticky":false,"template":"","format":"standard","meta":{"footnotes":""},"categories":[26],"tags":[],"class_list":{"0":"post-6928","1":"post","2":"type-post","3":"status-publish","4":"format-standard","5":"has-post-thumbnail","7":"category-esports"},"_links":{"self":[{"href":"https:\/\/areabadalona.com\/diario\/wp-json\/wp\/v2\/posts\/6928","targetHints":{"allow":["GET"]}}],"collection":[{"href":"https:\/\/areabadalona.com\/diario\/wp-json\/wp\/v2\/posts"}],"about":[{"href":"https:\/\/areabadalona.com\/diario\/wp-json\/wp\/v2\/types\/post"}],"author":[{"embeddable":true,"href":"https:\/\/areabadalona.com\/diario\/wp-json\/wp\/v2\/users\/2"}],"replies":[{"embeddable":true,"href":"https:\/\/areabadalona.com\/diario\/wp-json\/wp\/v2\/comments?post=6928"}],"version-history":[{"count":1,"href":"https:\/\/areabadalona.com\/diario\/wp-json\/wp\/v2\/posts\/6928\/revisions"}],"predecessor-version":[{"id":6930,"href":"https:\/\/areabadalona.com\/diario\/wp-json\/wp\/v2\/posts\/6928\/revisions\/6930"}],"wp:featuredmedia":[{"embeddable":true,"href":"https:\/\/areabadalona.com\/diario\/wp-json\/wp\/v2\/media\/6929"}],"wp:attachment":[{"href":"https:\/\/areabadalona.com\/diario\/wp-json\/wp\/v2\/media?parent=6928"}],"wp:term":[{"taxonomy":"category","embeddable":true,"href":"https:\/\/areabadalona.com\/diario\/wp-json\/wp\/v2\/categories?post=6928"},{"taxonomy":"post_tag","embeddable":true,"href":"https:\/\/areabadalona.com\/diario\/wp-json\/wp\/v2\/tags?post=6928"}],"curies":[{"name":"wp","href":"https:\/\/api.w.org\/{rel}","templated":true}]}}