{"id":6924,"date":"2024-05-06T12:10:33","date_gmt":"2024-05-06T12:10:33","guid":{"rendered":"https:\/\/areabadalona.com\/diario\/?p=6924"},"modified":"2024-05-09T12:11:30","modified_gmt":"2024-05-09T12:11:30","slug":"actuacio-policial-en-un-taller-mecanic-de-lavinguda-sant-salvador-amb-un-detingut-per-situacio-irregular-i-diverses-actes-una-delles-per-vessament-de-residus","status":"publish","type":"post","link":"https:\/\/areabadalona.com\/diario\/2024\/05\/06\/actuacio-policial-en-un-taller-mecanic-de-lavinguda-sant-salvador-amb-un-detingut-per-situacio-irregular-i-diverses-actes-una-delles-per-vessament-de-residus\/","title":{"rendered":"Actuaci\u00f3 policial en un taller mec\u00e0nic de l\u2019Avinguda Sant Salvador, amb un detingut per situaci\u00f3 irregular i diverses actes, una d\u2019elles per vessament de residus"},"content":{"rendered":"\n<p>La Gu\u00e0rdia Urbana de Badalona va fer la setmana passada una actuaci\u00f3 en un taller mec\u00e0nic de l\u2019Avinguda Sant Salvador, al barri d\u2019Artigas, en col\u00b7laboraci\u00f3 amb el Cos Nacional de Policia, Inspecci\u00f3 de Treball i els Mossos d\u2019Esquadra.<\/p>\n\n\n\n<p>En el transcurs de l\u2019actuaci\u00f3 es va produir una detenci\u00f3 per part del Cos Nacional de Policia per la situaci\u00f3 irregular d\u2019una persona en el pa\u00eds i es van aixecar diverses actes, una d\u2019elles pel vessament irregular de residus a la xarxa d\u2019aig\u00fces residuals. Es dona la circumst\u00e0ncia que el mateix taller tenia una acta de fa set mesos que s\u2019havia aixecat per aquesta mateixa circumst\u00e0ncia i els agents policials van poder comprovar que la situaci\u00f3 del vessament irregular no s\u2019havia subsanat.<\/p>\n\n\n\n<p>D\u2019altra banda, Inspecci\u00f3 de Treball va demanar informaci\u00f3 sobre la situaci\u00f3 laboral d\u2019un dels treballadors del taller.<\/p>\n\n\n\n<p>L\u2019alcalde de Badalona, Xavier Garcia Albiol, ha destacat la import\u00e0ncia de la col\u00b7laboraci\u00f3 entre els diversos cossos policials i ha reiterat que el govern municipal de Badalona continuar\u00e0 impulsant les tasques de vigil\u00e0ncia i control perqu\u00e8 tots els negocis compleixin amb la normativa, tant des del punt de vista ambiental, com de salubritat o en mat\u00e8ria laboral. \u201cNo afluixarem, perqu\u00e8 Badalona ha de ser una ciutat on les coses funcionin de manera correcta\u201d, ha assegurat l\u2019alcalde.<\/p>\n","protected":false},"excerpt":{"rendered":"<p>La Gu\u00e0rdia Urbana de Badalona va fer la setmana passada una actuaci\u00f3 en un taller mec\u00e0nic de l\u2019Avinguda Sant Salvador, al barri d\u2019Artigas, en col\u00b7laboraci\u00f3 amb el Cos Nacional de Policia, Inspecci\u00f3 de Treball i els Mossos d\u2019Esquadra. En el transcurs de l\u2019actuaci\u00f3 es va produir una detenci\u00f3 per part del Cos Nacional de Policia [&hellip;]<\/p>\n","protected":false},"author":2,"featured_media":6925,"comment_status":"open","ping_status":"open","sticky":false,"template":"","format":"standard","meta":{"footnotes":""},"categories":[23],"tags":[],"class_list":{"0":"post-6924","1":"post","2":"type-post","3":"status-publish","4":"format-standard","5":"has-post-thumbnail","7":"category-actualitat"},"_links":{"self":[{"href":"https:\/\/areabadalona.com\/diario\/wp-json\/wp\/v2\/posts\/6924","targetHints":{"allow":["GET"]}}],"collection":[{"href":"https:\/\/areabadalona.com\/diario\/wp-json\/wp\/v2\/posts"}],"about":[{"href":"https:\/\/areabadalona.com\/diario\/wp-json\/wp\/v2\/types\/post"}],"author":[{"embeddable":true,"href":"https:\/\/areabadalona.com\/diario\/wp-json\/wp\/v2\/users\/2"}],"replies":[{"embeddable":true,"href":"https:\/\/areabadalona.com\/diario\/wp-json\/wp\/v2\/comments?post=6924"}],"version-history":[{"count":1,"href":"https:\/\/areabadalona.com\/diario\/wp-json\/wp\/v2\/posts\/6924\/revisions"}],"predecessor-version":[{"id":6926,"href":"https:\/\/areabadalona.com\/diario\/wp-json\/wp\/v2\/posts\/6924\/revisions\/6926"}],"wp:featuredmedia":[{"embeddable":true,"href":"https:\/\/areabadalona.com\/diario\/wp-json\/wp\/v2\/media\/6925"}],"wp:attachment":[{"href":"https:\/\/areabadalona.com\/diario\/wp-json\/wp\/v2\/media?parent=6924"}],"wp:term":[{"taxonomy":"category","embeddable":true,"href":"https:\/\/areabadalona.com\/diario\/wp-json\/wp\/v2\/categories?post=6924"},{"taxonomy":"post_tag","embeddable":true,"href":"https:\/\/areabadalona.com\/diario\/wp-json\/wp\/v2\/tags?post=6924"}],"curies":[{"name":"wp","href":"https:\/\/api.w.org\/{rel}","templated":true}]}}