{"id":6918,"date":"2024-05-07T11:56:58","date_gmt":"2024-05-07T11:56:58","guid":{"rendered":"https:\/\/areabadalona.com\/diario\/?p=6918"},"modified":"2024-05-09T11:58:25","modified_gmt":"2024-05-09T11:58:25","slug":"badalona-oferira-punts-dinformacio-sobre-el-consum-de-substancies-addictives-durant-les-nits-de-les-festes-de-maig","status":"publish","type":"post","link":"https:\/\/areabadalona.com\/diario\/2024\/05\/07\/badalona-oferira-punts-dinformacio-sobre-el-consum-de-substancies-addictives-durant-les-nits-de-les-festes-de-maig\/","title":{"rendered":"Badalona oferir\u00e0 punts d\u2019informaci\u00f3 sobre el consum de subst\u00e0ncies addictives durant les nits de les Festes de Maig"},"content":{"rendered":"\n<p>Badalona oferir\u00e0 durant les nits del 10, 11 i 18 de maig punts d\u2019atenci\u00f3 per a informar la ciutadania sobre els riscos que t\u00e9 per a la salut el consum i l\u2019ab\u00fas de subst\u00e0ncies addictives. Aquests punts estaran ubicats en les zones on es celebrin els concerts, al costat dels punts liles. Amb aquesta acci\u00f3 es vol assegurar que durant la celebraci\u00f3 de les Festes de Maig es minimitzin, tant com sigui possible, els riscos associats al consum de subst\u00e0ncies addictives.<\/p>\n\n\n\n<p>Aquest any l\u2019Ajuntament ha elaborat material espec\u00edfic nou en refer\u00e8ncia als efectes nocius dels vapejadors, qu\u00e8 estar\u00e0 disponible a la carpa conjuntament amb altres informacions sobre les conseq\u00fc\u00e8ncies del consum de subst\u00e0ncies. En cas que hi hagi alguna persona afectada o amb una possible situaci\u00f3 de risc per a la salut, s\u2019activaran tots els protocols de seguretat i d\u2019emerg\u00e8ncia sanit\u00e0ria.<\/p>\n\n\n\n<p>Els punts d\u2019informaci\u00f3 estaran a les seg\u00fcents ubicacions i horaris:<\/p>\n\n\n\n<p>&#8211; <strong>Divendres 10 de maig<\/strong> <strong>&nbsp;&#8211; Concerts de Festes<\/strong>. De 21.30 a 2.30 hores, a la zona de concerts de la platja del Coco.<\/p>\n\n\n\n<p>&#8211; <strong>Dissabte 11 de maig &#8211; Concerts de Festes<\/strong>. De 21.30 a 2.30 hores, a la zona de concerts de la platja del Coco.<\/p>\n\n\n\n<p>&#8211; <strong>Dissabte 18 de maig, Concert de Cal Txiringu<\/strong>.&nbsp; De 21.30 a 2.30, hores a la platja dels Pescadors.<\/p>\n","protected":false},"excerpt":{"rendered":"<p>Badalona oferir\u00e0 durant les nits del 10, 11 i 18 de maig punts d\u2019atenci\u00f3 per a informar la ciutadania sobre els riscos que t\u00e9 per a la salut el consum i l\u2019ab\u00fas de subst\u00e0ncies addictives. Aquests punts estaran ubicats en les zones on es celebrin els concerts, al costat dels punts liles. Amb aquesta acci\u00f3 [&hellip;]<\/p>\n","protected":false},"author":2,"featured_media":6919,"comment_status":"open","ping_status":"open","sticky":false,"template":"","format":"standard","meta":{"footnotes":""},"categories":[23],"tags":[],"class_list":{"0":"post-6918","1":"post","2":"type-post","3":"status-publish","4":"format-standard","5":"has-post-thumbnail","7":"category-actualitat"},"_links":{"self":[{"href":"https:\/\/areabadalona.com\/diario\/wp-json\/wp\/v2\/posts\/6918","targetHints":{"allow":["GET"]}}],"collection":[{"href":"https:\/\/areabadalona.com\/diario\/wp-json\/wp\/v2\/posts"}],"about":[{"href":"https:\/\/areabadalona.com\/diario\/wp-json\/wp\/v2\/types\/post"}],"author":[{"embeddable":true,"href":"https:\/\/areabadalona.com\/diario\/wp-json\/wp\/v2\/users\/2"}],"replies":[{"embeddable":true,"href":"https:\/\/areabadalona.com\/diario\/wp-json\/wp\/v2\/comments?post=6918"}],"version-history":[{"count":1,"href":"https:\/\/areabadalona.com\/diario\/wp-json\/wp\/v2\/posts\/6918\/revisions"}],"predecessor-version":[{"id":6920,"href":"https:\/\/areabadalona.com\/diario\/wp-json\/wp\/v2\/posts\/6918\/revisions\/6920"}],"wp:featuredmedia":[{"embeddable":true,"href":"https:\/\/areabadalona.com\/diario\/wp-json\/wp\/v2\/media\/6919"}],"wp:attachment":[{"href":"https:\/\/areabadalona.com\/diario\/wp-json\/wp\/v2\/media?parent=6918"}],"wp:term":[{"taxonomy":"category","embeddable":true,"href":"https:\/\/areabadalona.com\/diario\/wp-json\/wp\/v2\/categories?post=6918"},{"taxonomy":"post_tag","embeddable":true,"href":"https:\/\/areabadalona.com\/diario\/wp-json\/wp\/v2\/tags?post=6918"}],"curies":[{"name":"wp","href":"https:\/\/api.w.org\/{rel}","templated":true}]}}