{"id":6915,"date":"2024-05-07T11:54:25","date_gmt":"2024-05-07T11:54:25","guid":{"rendered":"https:\/\/areabadalona.com\/diario\/?p=6915"},"modified":"2024-05-09T11:55:47","modified_gmt":"2024-05-09T11:55:47","slug":"carrera-lamenta-que-la-remodelacio-de-la-comissaria-de-la-guardia-urbana-hagi-comencat-pel-despatx-del-regidor","status":"publish","type":"post","link":"https:\/\/areabadalona.com\/diario\/2024\/05\/07\/carrera-lamenta-que-la-remodelacio-de-la-comissaria-de-la-guardia-urbana-hagi-comencat-pel-despatx-del-regidor\/","title":{"rendered":"Carrera lamenta que la remodelaci\u00f3 de la Comissaria de la Gu\u00e0rdia Urbana hagi comen\u00e7at pel despatx del regidor\u00a0"},"content":{"rendered":"\n<p>El president del grup municipal del PSC, Fernando Carrera, ha aprofitat el ple ordinari del mes de maig per denunciar la situaci\u00f3 de la Comissaria de la Gu\u00e0rdia Urbana, situada al Tur\u00f3 d&#8217;en Caritg. L&#8217;equipament fa temps que pateix mancances importants que afecten el dia a dia dels agents. Manca de climatitzaci\u00f3, mobiliari antic, estances en mal estat o fins i tot una m\u00e0 de pintura s\u00f3n treballs urgents que s&#8217;han de tirar endavant. Durant la passada tardor, el govern municipal va anunciar una inversi\u00f3 urgent d&#8217;1,5 M per millorar la Comissaria. La sorpresa, tal com ha pogut comprovar el PSC, ha arribat ara, perqu\u00e8 les obres han comen\u00e7at per remodelar el despatx del regidor de seguretat, Juan Manuel Ruiz, amb la instal\u00b7laci\u00f3 d&#8217;aparells d&#8217;aires condicionat i parquet. \u00abEstem a favor de millorar tots els espais, per\u00f2 trobem poc adient comen\u00e7ar una remodelaci\u00f3 pel despatx del regidor quan la Comissaria cau a trossos\u00bb, ha afegit Carrera. \u00a0<\/p>\n","protected":false},"excerpt":{"rendered":"<p>El president del grup municipal del PSC, Fernando Carrera, ha aprofitat el ple ordinari del mes de maig per denunciar la situaci\u00f3 de la Comissaria de la Gu\u00e0rdia Urbana, situada al Tur\u00f3 d&#8217;en Caritg. L&#8217;equipament fa temps que pateix mancances importants que afecten el dia a dia dels agents. Manca de climatitzaci\u00f3, mobiliari antic, estances [&hellip;]<\/p>\n","protected":false},"author":2,"featured_media":6916,"comment_status":"open","ping_status":"open","sticky":false,"template":"","format":"standard","meta":{"footnotes":""},"categories":[23],"tags":[],"class_list":{"0":"post-6915","1":"post","2":"type-post","3":"status-publish","4":"format-standard","5":"has-post-thumbnail","7":"category-actualitat"},"_links":{"self":[{"href":"https:\/\/areabadalona.com\/diario\/wp-json\/wp\/v2\/posts\/6915","targetHints":{"allow":["GET"]}}],"collection":[{"href":"https:\/\/areabadalona.com\/diario\/wp-json\/wp\/v2\/posts"}],"about":[{"href":"https:\/\/areabadalona.com\/diario\/wp-json\/wp\/v2\/types\/post"}],"author":[{"embeddable":true,"href":"https:\/\/areabadalona.com\/diario\/wp-json\/wp\/v2\/users\/2"}],"replies":[{"embeddable":true,"href":"https:\/\/areabadalona.com\/diario\/wp-json\/wp\/v2\/comments?post=6915"}],"version-history":[{"count":1,"href":"https:\/\/areabadalona.com\/diario\/wp-json\/wp\/v2\/posts\/6915\/revisions"}],"predecessor-version":[{"id":6917,"href":"https:\/\/areabadalona.com\/diario\/wp-json\/wp\/v2\/posts\/6915\/revisions\/6917"}],"wp:featuredmedia":[{"embeddable":true,"href":"https:\/\/areabadalona.com\/diario\/wp-json\/wp\/v2\/media\/6916"}],"wp:attachment":[{"href":"https:\/\/areabadalona.com\/diario\/wp-json\/wp\/v2\/media?parent=6915"}],"wp:term":[{"taxonomy":"category","embeddable":true,"href":"https:\/\/areabadalona.com\/diario\/wp-json\/wp\/v2\/categories?post=6915"},{"taxonomy":"post_tag","embeddable":true,"href":"https:\/\/areabadalona.com\/diario\/wp-json\/wp\/v2\/tags?post=6915"}],"curies":[{"name":"wp","href":"https:\/\/api.w.org\/{rel}","templated":true}]}}