{"id":6912,"date":"2024-05-07T11:51:12","date_gmt":"2024-05-07T11:51:12","guid":{"rendered":"https:\/\/areabadalona.com\/diario\/?p=6912"},"modified":"2024-05-09T11:52:48","modified_gmt":"2024-05-09T11:52:48","slug":"lespectacle-de-drons-previ-a-la-cremada-del-dimoni-requereix-un-perimetre-maritim-de-seguretat","status":"publish","type":"post","link":"https:\/\/areabadalona.com\/diario\/2024\/05\/07\/lespectacle-de-drons-previ-a-la-cremada-del-dimoni-requereix-un-perimetre-maritim-de-seguretat\/","title":{"rendered":"L\u2019espectacle de drons previ a la Cremada del Dimoni requereix un per\u00edmetre mar\u00edtim de seguretat"},"content":{"rendered":"\n<p>Aquest any durant la Cremada del Dimoni de la Nit de Sant Anastasi, que tindr\u00e0 lloc el pr\u00f2xim <strong>divendres 10 de maig, a partir de les 19 hores i fins la finalitzaci\u00f3 dels actes festius<\/strong>, <strong>quedar\u00e0 prohibit el bany i la pres\u00e8ncia de qualsevol tipus d\u2019embarcaci\u00f3 davant la platja dels Pescadors<\/strong>. Aquesta mesura de seguretat \u00e9s obligat\u00f2ria at\u00e8s que abans del Piromusical i de la Cremada del Dimoni l\u2019Ajuntament ha programat un espectacle de gran format de tecnologia i llums amb m\u00e9s de 200 drons.<\/p>\n\n\n\n<p>Aquest espectacle, que omplir\u00e0 el cel amb singulars formes geom\u00e8triques, algunes especialment creades per a l\u2019ocasi\u00f3 amb refer\u00e8ncies als s\u00edmbols i icones de Badalona, requereix d\u2019un per\u00edmetre mar\u00edtim de seguretat que compr\u00e8n la platja dels Pescadors, des de l&#8217;al\u00e7ada del carrer d\u2019en Prim fins a l\u2019al\u00e7ada del carrer de Mar, i que s\u2019endinsa uns 200 metres de la l\u00ednia de la costa. Per tal de vetllar pel compliment d&#8217;aquesta mesura hi haur\u00e0 control policial.<\/p>\n","protected":false},"excerpt":{"rendered":"<p>Aquest any durant la Cremada del Dimoni de la Nit de Sant Anastasi, que tindr\u00e0 lloc el pr\u00f2xim divendres 10 de maig, a partir de les 19 hores i fins la finalitzaci\u00f3 dels actes festius, quedar\u00e0 prohibit el bany i la pres\u00e8ncia de qualsevol tipus d\u2019embarcaci\u00f3 davant la platja dels Pescadors. Aquesta mesura de seguretat [&hellip;]<\/p>\n","protected":false},"author":2,"featured_media":6913,"comment_status":"open","ping_status":"open","sticky":false,"template":"","format":"standard","meta":{"footnotes":""},"categories":[25],"tags":[],"class_list":{"0":"post-6912","1":"post","2":"type-post","3":"status-publish","4":"format-standard","5":"has-post-thumbnail","7":"category-cultura"},"_links":{"self":[{"href":"https:\/\/areabadalona.com\/diario\/wp-json\/wp\/v2\/posts\/6912","targetHints":{"allow":["GET"]}}],"collection":[{"href":"https:\/\/areabadalona.com\/diario\/wp-json\/wp\/v2\/posts"}],"about":[{"href":"https:\/\/areabadalona.com\/diario\/wp-json\/wp\/v2\/types\/post"}],"author":[{"embeddable":true,"href":"https:\/\/areabadalona.com\/diario\/wp-json\/wp\/v2\/users\/2"}],"replies":[{"embeddable":true,"href":"https:\/\/areabadalona.com\/diario\/wp-json\/wp\/v2\/comments?post=6912"}],"version-history":[{"count":1,"href":"https:\/\/areabadalona.com\/diario\/wp-json\/wp\/v2\/posts\/6912\/revisions"}],"predecessor-version":[{"id":6914,"href":"https:\/\/areabadalona.com\/diario\/wp-json\/wp\/v2\/posts\/6912\/revisions\/6914"}],"wp:featuredmedia":[{"embeddable":true,"href":"https:\/\/areabadalona.com\/diario\/wp-json\/wp\/v2\/media\/6913"}],"wp:attachment":[{"href":"https:\/\/areabadalona.com\/diario\/wp-json\/wp\/v2\/media?parent=6912"}],"wp:term":[{"taxonomy":"category","embeddable":true,"href":"https:\/\/areabadalona.com\/diario\/wp-json\/wp\/v2\/categories?post=6912"},{"taxonomy":"post_tag","embeddable":true,"href":"https:\/\/areabadalona.com\/diario\/wp-json\/wp\/v2\/tags?post=6912"}],"curies":[{"name":"wp","href":"https:\/\/api.w.org\/{rel}","templated":true}]}}