{"id":6906,"date":"2024-05-08T11:32:49","date_gmt":"2024-05-08T11:32:49","guid":{"rendered":"https:\/\/areabadalona.com\/diario\/?p=6906"},"modified":"2024-05-09T11:37:00","modified_gmt":"2024-05-09T11:37:00","slug":"lajuntament-de-badalona-licita-les-obres-dadequacio-i-el-canvi-de-gespa-del-camp-de-futbol-de-la-zona-esportiva-can-cabanyes","status":"publish","type":"post","link":"https:\/\/areabadalona.com\/diario\/2024\/05\/08\/lajuntament-de-badalona-licita-les-obres-dadequacio-i-el-canvi-de-gespa-del-camp-de-futbol-de-la-zona-esportiva-can-cabanyes\/","title":{"rendered":"L\u2019Ajuntament de Badalona licita les obres d\u2019adequaci\u00f3 i el canvi de gespa del camp de futbol de la Zona Esportiva Can Cabanyes"},"content":{"rendered":"\n<p>L\u2019Ajuntament de Badalona ha publicat la licitaci\u00f3 de les obres d\u2019adequaci\u00f3 i el canvi de gespa del camp de futbol de la Zona Esportiva Can Cabanyes, ubicat al barri de Sistrells. Amb aquesta actuaci\u00f3 es fa front al deteriorament del camp produ\u00eft per l\u2019envelliment de les instal\u00b7lacions i es garanteix que els usuaris puguin fer esport amb seguretat, evitant possibles lesions, en un terreny de joc en les condicions adequades.<\/p>\n\n\n\n<p>Per reparar el camp s\u2019excavaran les zones deteriorades fins a nivell de la base de terra, despr\u00e9s es col\u00b7locar\u00e0 una capa d\u2019asfalt adaptant el pendent de manera que es garanteixi la correcta evacuaci\u00f3 del camp amb pendent a dues aig\u00fces. A m\u00e9s, per millorar l\u2019evacuaci\u00f3 de l\u2019aigua, es faran canals de recollida. Finalment, s\u2019instal\u00b7lar\u00e0 la nova gespa que tindr\u00e0 un certificat de garantia i de condicions de manteniment.<\/p>\n\n\n\n<p>L\u2019actuaci\u00f3 tamb\u00e9 preveu la instal\u00b7laci\u00f3 de noves porteries, banderins i els seients de les banquetes, aix\u00ed com diverses millores en la zona exterior del camp, com per exemple el canvi&nbsp; de la il\u00b7luminaci\u00f3 actual per elements LED.<\/p>\n\n\n\n<p>Els treballs d\u2019adequaci\u00f3 i el canvi de gespa del camp de futbol de la Zona Esportiva Can Cabanyes tenen un pressupost base de licitaci\u00f3 de 484.609,65 euros. L\u2019empresa adjudicat\u00e0ria tindr\u00e0 quatre mesos per executar l\u2019obra.<\/p>\n\n\n\n<p>\u201cAquest projecte d\u2019adequaci\u00f3 s\u2019emmarca dins d\u2019una s\u00e8rie d\u2019actuacions del Govern municipal d\u2019inversi\u00f3 en les instal\u00b7lacions esportives que fa anys que tenen d\u00e8ficits i s\u00f3n fonamentals perqu\u00e8 els nens i nenes de la ciutat facin esports en condicions a l\u2019altura d\u2019una ciutat com la nostra\u201d, ha manifestat l\u2019alcalde de Badalona, Xavier Garcia Albiol. \u201cL\u2019esport i els seus valors s\u00f3n un tret distintiu de la ciutat de Badalona i volem potenciar-lo encara m\u00e9s; per aix\u00f2 ja hem comen\u00e7at a renovar les instal\u00b7lacions esportives de la ciutat i treballem per construir-ne de noves durant aquest mandat\u201d, ha afegit.<\/p>\n","protected":false},"excerpt":{"rendered":"<p>L\u2019Ajuntament de Badalona ha publicat la licitaci\u00f3 de les obres d\u2019adequaci\u00f3 i el canvi de gespa del camp de futbol de la Zona Esportiva Can Cabanyes, ubicat al barri de Sistrells. Amb aquesta actuaci\u00f3 es fa front al deteriorament del camp produ\u00eft per l\u2019envelliment de les instal\u00b7lacions i es garanteix que els usuaris puguin fer [&hellip;]<\/p>\n","protected":false},"author":2,"featured_media":6907,"comment_status":"open","ping_status":"open","sticky":false,"template":"","format":"standard","meta":{"footnotes":""},"categories":[26],"tags":[],"class_list":{"0":"post-6906","1":"post","2":"type-post","3":"status-publish","4":"format-standard","5":"has-post-thumbnail","7":"category-esports"},"_links":{"self":[{"href":"https:\/\/areabadalona.com\/diario\/wp-json\/wp\/v2\/posts\/6906","targetHints":{"allow":["GET"]}}],"collection":[{"href":"https:\/\/areabadalona.com\/diario\/wp-json\/wp\/v2\/posts"}],"about":[{"href":"https:\/\/areabadalona.com\/diario\/wp-json\/wp\/v2\/types\/post"}],"author":[{"embeddable":true,"href":"https:\/\/areabadalona.com\/diario\/wp-json\/wp\/v2\/users\/2"}],"replies":[{"embeddable":true,"href":"https:\/\/areabadalona.com\/diario\/wp-json\/wp\/v2\/comments?post=6906"}],"version-history":[{"count":1,"href":"https:\/\/areabadalona.com\/diario\/wp-json\/wp\/v2\/posts\/6906\/revisions"}],"predecessor-version":[{"id":6908,"href":"https:\/\/areabadalona.com\/diario\/wp-json\/wp\/v2\/posts\/6906\/revisions\/6908"}],"wp:featuredmedia":[{"embeddable":true,"href":"https:\/\/areabadalona.com\/diario\/wp-json\/wp\/v2\/media\/6907"}],"wp:attachment":[{"href":"https:\/\/areabadalona.com\/diario\/wp-json\/wp\/v2\/media?parent=6906"}],"wp:term":[{"taxonomy":"category","embeddable":true,"href":"https:\/\/areabadalona.com\/diario\/wp-json\/wp\/v2\/categories?post=6906"},{"taxonomy":"post_tag","embeddable":true,"href":"https:\/\/areabadalona.com\/diario\/wp-json\/wp\/v2\/tags?post=6906"}],"curies":[{"name":"wp","href":"https:\/\/api.w.org\/{rel}","templated":true}]}}