{"id":6903,"date":"2024-05-08T11:17:19","date_gmt":"2024-05-08T11:17:19","guid":{"rendered":"https:\/\/areabadalona.com\/diario\/?p=6903"},"modified":"2024-05-09T11:22:42","modified_gmt":"2024-05-09T11:22:42","slug":"la-fundacio-formacio-i-treball-obre-la-primera-botiga-moda-re-al-centre-coomercial-montigala","status":"publish","type":"post","link":"https:\/\/areabadalona.com\/diario\/2024\/05\/08\/la-fundacio-formacio-i-treball-obre-la-primera-botiga-moda-re-al-centre-coomercial-montigala\/","title":{"rendered":"La Fundaci\u00f3 Formaci\u00f3 i Treball obre la primera botiga Moda re- al centre coomercial Montigal\u00e0"},"content":{"rendered":"\n<p>La Fundaci\u00f3 Formaci\u00f3 i Treball obre la primera botiga Moda re- d\u2019economia social i solid\u00e0ria en el Centro Comercial Montigal\u00e0. La nova botiga se suma a les m\u00e9s de 180 existents a tot el territori espanyol, i \u00e9s la n\u00famero 26 que la Fundaci\u00f3 impulsa en territori catal\u00e0.<br>El projecte aposta per un espai de consum sostenible reutilitzant b\u00e9ns de segona m\u00e0 i<br>afavorint alhora la inserci\u00f3 laboral de persones en risc d\u2019exclusi\u00f3 social del territori. A m\u00e9s,<br>els ingressos de l\u2019establiment es destinaran a iniciatives de formaci\u00f3 i inclusi\u00f3 laboral de<br>col\u00b7lectius vulnerables.<br>Moda re- \u00e9s una iniciativa empresarial impulsada per C\u00e0ritas i destinada a la promoci\u00f3 de<br>l\u2019economia social i solid\u00e0ria a trav\u00e9s de la reutilitzaci\u00f3 i el reciclatge de roba usada, amb<br>l\u2019objectiu principal de generar llocs de feina socials i sostenibles.<br>L\u2019obertura de la botiga del centre comercial de Montigal\u00e0 s\u2019ha realitzat amb la col\u00b7laboraci\u00f3<br>de l\u2019empresa Carmila, que t\u00e9 la tercera major propietat de centres comercials d\u2019Europa, i<br>que en la seva aposta per la transici\u00f3 cap a un consum m\u00e9s sostenible i conscient, ha signat un acord amb la Cooperativa Moda re- per cedir locals en centres comercials on Moda re- pot obrir botigues pr\u00f2pies de moda ecosocial i circular. En l\u2019acord, ambdues entitats es comprometen a la difusi\u00f3 i conscienciaci\u00f3 d\u2019un consum sostenible dins del sector t\u00e8xtil fomentant l\u2019\u00fas de peces de roba de segona m\u00e0, i col\u00b7laborar en la inclusi\u00f3 laboral de<br>col\u00b7lectius en situaci\u00f3 de vulnerabilitat.<br>La botiga Moda re- Montigal\u00e0 ha estat creada amb una imatge moderna i actual, que pret\u00e9n trencar els estereotips que s\u2019associen a les botigues de segona m\u00e0. Actualment hi treballen 2 persones amb un contracte d\u2019inserci\u00f3 sociolaboral. Es tracta de la segona botiga al municipi de Badalona, i de la n\u00famero 26 impulsada per la Fundaci\u00f3 a Catalunya, la qual se suma als m\u00e9s de 180 punts de venda que hi ha a la resta del territori espanyol.<br>A m\u00e9s a m\u00e9s, aquest nou establiment permet continuar ampliant la xarxa d\u2019entrega social de roba i complements a persones i fam\u00edlies en situaci\u00f3 de vulnerabilitat ateses per la Fundaci\u00f3 Formaci\u00f3 i Treball, facilitant aix\u00ed la proximitat. Alhora que impulsar una major conflu\u00e8ncia de col\u00b7lectius a les nostres botigues, atorgant-ne la m\u00e0xima dignitat i confidencialitat al lliurament.<br>Un model que promou i impulsa projectes d\u2019alt impacte: social, cobrint una necessitat b\u00e0sica insuficientment resolta i\/o desenvolupant itineraris sociolaborals per a col\u00b7lectius en situaci\u00f3 de vulnerabilitat; mediambiental, reduint la generaci\u00f3 de residus i allargant el seu cicle de vida; econ\u00f2mic, creant llocs de feina, sostenibles en el temps i dirigits en exclusiva a persones vulnerables; i comunitari, afavorint propostes de proximitat al i des del territori.<br><\/p>\n\n\n\n<p><strong>Donar a con\u00e8ixer el projecte t\u00e8xtil<\/strong><br>El projecte t\u00e8xtil de la Fundaci\u00f3 Formaci\u00f3 i Treball, encabit dins el projecte t\u00e8xtil de la<br>Cooperativa Moda re-, es basa en un model d\u2019economia circular que respecta i cuida les<br>persones i el planeta: aconsegueix generar llocs de feina en el territori, resol necessitats poc cobertes de roba en persones vulnerables i, a la vegada, redueix la generaci\u00f3 de residus.<br>Ara \u00e9s m\u00e9s necessari que mai treballar per la conscienciaci\u00f3 de la reutilitzaci\u00f3 de la roba.<br>Una de les fites priorit\u00e0ries de l\u2019entitat en el marc dels Objectius de Desenvolupament<br>Sostenible (ODS) de l\u2019Agenda 2030 de Nacions Unides, \u00e9s el consum i la producci\u00f3<br>responsable. En aquest sentit, Formaci\u00f3 i Treball gestiona quatre plantes de tractament de<br>roba i complements amb les quals aconsegueix un important estalvi d\u2019emissions de Co2;<br>l\u2019any 2023 un total de 177.125 tones de Co2, que representen 7.085.520 kg t\u00e8xtils recollits.<\/p>\n","protected":false},"excerpt":{"rendered":"<p>La Fundaci\u00f3 Formaci\u00f3 i Treball obre la primera botiga Moda re- d\u2019economia social i solid\u00e0ria en el Centro Comercial Montigal\u00e0. La nova botiga se suma a les m\u00e9s de 180 existents a tot el territori espanyol, i \u00e9s la n\u00famero 26 que la Fundaci\u00f3 impulsa en territori catal\u00e0.El projecte aposta per un espai de consum [&hellip;]<\/p>\n","protected":false},"author":2,"featured_media":6904,"comment_status":"open","ping_status":"open","sticky":false,"template":"","format":"standard","meta":{"footnotes":""},"categories":[24],"tags":[],"class_list":{"0":"post-6903","1":"post","2":"type-post","3":"status-publish","4":"format-standard","5":"has-post-thumbnail","7":"category-societat"},"_links":{"self":[{"href":"https:\/\/areabadalona.com\/diario\/wp-json\/wp\/v2\/posts\/6903","targetHints":{"allow":["GET"]}}],"collection":[{"href":"https:\/\/areabadalona.com\/diario\/wp-json\/wp\/v2\/posts"}],"about":[{"href":"https:\/\/areabadalona.com\/diario\/wp-json\/wp\/v2\/types\/post"}],"author":[{"embeddable":true,"href":"https:\/\/areabadalona.com\/diario\/wp-json\/wp\/v2\/users\/2"}],"replies":[{"embeddable":true,"href":"https:\/\/areabadalona.com\/diario\/wp-json\/wp\/v2\/comments?post=6903"}],"version-history":[{"count":1,"href":"https:\/\/areabadalona.com\/diario\/wp-json\/wp\/v2\/posts\/6903\/revisions"}],"predecessor-version":[{"id":6905,"href":"https:\/\/areabadalona.com\/diario\/wp-json\/wp\/v2\/posts\/6903\/revisions\/6905"}],"wp:featuredmedia":[{"embeddable":true,"href":"https:\/\/areabadalona.com\/diario\/wp-json\/wp\/v2\/media\/6904"}],"wp:attachment":[{"href":"https:\/\/areabadalona.com\/diario\/wp-json\/wp\/v2\/media?parent=6903"}],"wp:term":[{"taxonomy":"category","embeddable":true,"href":"https:\/\/areabadalona.com\/diario\/wp-json\/wp\/v2\/categories?post=6903"},{"taxonomy":"post_tag","embeddable":true,"href":"https:\/\/areabadalona.com\/diario\/wp-json\/wp\/v2\/tags?post=6903"}],"curies":[{"name":"wp","href":"https:\/\/api.w.org\/{rel}","templated":true}]}}