{"id":6900,"date":"2024-05-08T11:15:03","date_gmt":"2024-05-08T11:15:03","guid":{"rendered":"https:\/\/areabadalona.com\/diario\/?p=6900"},"modified":"2024-05-09T11:15:51","modified_gmt":"2024-05-09T11:15:51","slug":"lalcalde-de-badalona-reclama-al-ministeri-per-a-la-transicio-ecologica-que-aporti-amb-urgencia-sorra-a-les-platges-per-no-perdre-la-bandera-blava-de-les-platges-de-lestacio-del-coco","status":"publish","type":"post","link":"https:\/\/areabadalona.com\/diario\/2024\/05\/08\/lalcalde-de-badalona-reclama-al-ministeri-per-a-la-transicio-ecologica-que-aporti-amb-urgencia-sorra-a-les-platges-per-no-perdre-la-bandera-blava-de-les-platges-de-lestacio-del-coco\/","title":{"rendered":"L\u2019alcalde de Badalona reclama al Ministeri per a la Transici\u00f3 Ecol\u00f2gica que aporti amb urg\u00e8ncia sorra a les platges per no perdre la Bandera Blava de les platges de l\u2019Estaci\u00f3, del Coco i del Pont del Petroli"},"content":{"rendered":"\n<p>L\u2019alcalde de Badalona, Xavier Garcia Albiol, reclama de nou al Ministeri per a la Transici\u00f3 Ecol\u00f2gica la regeneraci\u00f3 de la sorra de les platges de la ciutat, perqu\u00e8 la falta de sorra pot fer perdre una de les banderes blaves obtingudes aquest any, en concret la de les platges de l\u2019Estaci\u00f3, del Coco i del Pont del Petroli -sota la denominaci\u00f3 \u00fanica de platja del Coco-. Aquests tres trams i la platja de la Marina de Badalona han obtingut un any m\u00e9s el reconeixement de Bandera Blava atorgat per l\u2019Associaci\u00f3 d\u2019Educaci\u00f3 Ambiental i del Consumidor i la Fundaci\u00f3 per a l\u2019Educaci\u00f3 Ambiental (ADEAC-FEE).<\/p>\n\n\n\n<p>L\u2019alcalde ha assenyalat que \u201cper a la concessi\u00f3 de les banderes blaves s\u2019ha tingut en compte l\u2019estat de les platges abans del temporals del 9 de mar\u00e7 i de la borrasca Nelson, a finals del mateix mes\u201d i que \u201cla p\u00e8rdua de sorra en aquests dos episodis ha provocat una reducci\u00f3 de l\u2019amplada i un deteriorament de les condicions d\u2019accessibilitat que \u00e9s previsible que puguin desembocar en la p\u00e8rdua de la Bandera Blava a la platja del Coco\u201d. Per aix\u00f2, Garcia Albiol ha indicat que, \u201c\u00e9s imprescindible i urgent que el Ministeri faci els passos necessaris per retornar les platges m\u00e9s afectades al seu estat habitual, mitjan\u00e7ant l\u2019aportaci\u00f3 de sorra. No es tracta nom\u00e9s de les banderes blaves, sin\u00f3 que necessitem aquesta actuaci\u00f3 de manera urgent\u00edssima en diversos trams perqu\u00e8 la platja de Badalona pugui estar en condicions per al seu \u00fas per part de tots els badalonins\u201d, ha explicat.<\/p>\n\n\n\n<p>El distintiu Bandera Blava \u00e9s un guard\u00f3 d\u2019abast mundial que reconeix que la platja compleix amb criteris de legalitat, accessibilitat, sanitat, neteja i seguretat, aix\u00ed com que disposa d\u2019informaci\u00f3 i de gesti\u00f3 ambiental adequada. En concret, entre els requisits per poder optar a aquest distintiu destaca l\u2019obligatorietat de disposar d\u2019informaci\u00f3 actualitzada de la qualitat de l\u2019aigua de bany, realitzar activitats relacionades amb la informaci\u00f3 i educaci\u00f3 ambiental, garantir la neteja i la recollida selectiva de residus, donar un servei professional de salvament i socorrisme i que la platja estigui adaptada per a persones amb diversitat funcional, entre d\u2019altres.<\/p>\n\n\n\n<p>Per altra banda, l\u2019Escola del Mar, Centre d\u2019Estudis Marins de Badalona i l\u2019Escola de Natura Angeleta Ferrer, ubicada a la masia de Can Miravitges, tamb\u00e9 s\u2019han tornat a convertir enguany en Centre Bandera Blava com a equipaments oberts al p\u00fablic on es realitzen tasques pedag\u00f2giques per a escoles en mat\u00e8ria d\u2019ecosistemes marins i activitats de difusi\u00f3 ambiental a la ciutadania en general.<\/p>\n\n\n\n<p>Per la seva banda el port de Badalona tamb\u00e9 ha renovat un any m\u00e9s el distintiu de Bandera Blava, un guard\u00f3 que s\u2019atorga als ports que compleixen uns est\u00e0ndards de bones pr\u00e0ctiques i informaci\u00f3 ambiental, legalitat i bon manteniment de les instal\u00b7lacions i temes de seguretat.<\/p>\n","protected":false},"excerpt":{"rendered":"<p>L\u2019alcalde de Badalona, Xavier Garcia Albiol, reclama de nou al Ministeri per a la Transici\u00f3 Ecol\u00f2gica la regeneraci\u00f3 de la sorra de les platges de la ciutat, perqu\u00e8 la falta de sorra pot fer perdre una de les banderes blaves obtingudes aquest any, en concret la de les platges de l\u2019Estaci\u00f3, del Coco i del [&hellip;]<\/p>\n","protected":false},"author":2,"featured_media":6901,"comment_status":"open","ping_status":"open","sticky":false,"template":"","format":"standard","meta":{"footnotes":""},"categories":[23],"tags":[],"class_list":{"0":"post-6900","1":"post","2":"type-post","3":"status-publish","4":"format-standard","5":"has-post-thumbnail","7":"category-actualitat"},"_links":{"self":[{"href":"https:\/\/areabadalona.com\/diario\/wp-json\/wp\/v2\/posts\/6900","targetHints":{"allow":["GET"]}}],"collection":[{"href":"https:\/\/areabadalona.com\/diario\/wp-json\/wp\/v2\/posts"}],"about":[{"href":"https:\/\/areabadalona.com\/diario\/wp-json\/wp\/v2\/types\/post"}],"author":[{"embeddable":true,"href":"https:\/\/areabadalona.com\/diario\/wp-json\/wp\/v2\/users\/2"}],"replies":[{"embeddable":true,"href":"https:\/\/areabadalona.com\/diario\/wp-json\/wp\/v2\/comments?post=6900"}],"version-history":[{"count":1,"href":"https:\/\/areabadalona.com\/diario\/wp-json\/wp\/v2\/posts\/6900\/revisions"}],"predecessor-version":[{"id":6902,"href":"https:\/\/areabadalona.com\/diario\/wp-json\/wp\/v2\/posts\/6900\/revisions\/6902"}],"wp:featuredmedia":[{"embeddable":true,"href":"https:\/\/areabadalona.com\/diario\/wp-json\/wp\/v2\/media\/6901"}],"wp:attachment":[{"href":"https:\/\/areabadalona.com\/diario\/wp-json\/wp\/v2\/media?parent=6900"}],"wp:term":[{"taxonomy":"category","embeddable":true,"href":"https:\/\/areabadalona.com\/diario\/wp-json\/wp\/v2\/categories?post=6900"},{"taxonomy":"post_tag","embeddable":true,"href":"https:\/\/areabadalona.com\/diario\/wp-json\/wp\/v2\/tags?post=6900"}],"curies":[{"name":"wp","href":"https:\/\/api.w.org\/{rel}","templated":true}]}}