{"id":6897,"date":"2024-05-08T11:12:33","date_gmt":"2024-05-08T11:12:33","guid":{"rendered":"https:\/\/areabadalona.com\/diario\/?p=6897"},"modified":"2024-05-09T11:13:21","modified_gmt":"2024-05-09T11:13:21","slug":"confiscats-32-quilos-dhaixix-i-marihuana-en-un-operatiu-conjunt-de-mossos-i-guardia-urbana-en-un-club-cannabic-sense-llicencia-al-barri-de-la-mora","status":"publish","type":"post","link":"https:\/\/areabadalona.com\/diario\/2024\/05\/08\/confiscats-32-quilos-dhaixix-i-marihuana-en-un-operatiu-conjunt-de-mossos-i-guardia-urbana-en-un-club-cannabic-sense-llicencia-al-barri-de-la-mora\/","title":{"rendered":"Confiscats 3,2 quilos d\u2019haixix i marihuana en un operatiu conjunt de Mossos i Gu\u00e0rdia Urbana en un club cann\u00e0bic sense llic\u00e8ncia al barri de La Mora"},"content":{"rendered":"\n<p>Els Mossos d\u2019Esquadra i la Gu\u00e0rdia Urbana de Badalona van dur a terme ahir dimarts al vespre un dispositiu conjunt d\u2019entrada i registre en un club cann\u00e0bic sense llic\u00e8ncia al barri de La Mora en qu\u00e8 es van confiscar 2 quilos de marihuana i 1,2 quilos d\u2019haixix. En el local on es va fer l\u2019actuaci\u00f3 tamb\u00e9 es van trobar 1.000 euros en efectiu, 155 cigarrets amb droga preparats per al consum i dues b\u00e0scules de precisi\u00f3. Fruit de l\u2019operatiu s\u2019est\u00e0 investigant, de moment, una persona per delictes contra la salut p\u00fablica.<\/p>\n\n\n\n<p>Durant l\u2019actuaci\u00f3 es van aixecar tamb\u00e9 sis actes per manca de llibres de registres, una acta per infringir la Llei de protecci\u00f3 de dades, dues actes per manca de mesures de seguretat i llic\u00e8ncia d\u2019activitats i dues actes per impagament de tributs.<\/p>\n\n\n\n<p>L\u2019alcalde de Badalona, Xavier Garcia Albiol, ha destacat que actuacions com aquesta, en les quals hi ha col\u00b7laboraci\u00f3 entre els cossos policials, s\u00f3n fonamentals per mantenir la seguretat i ha mostrat la seva satisfacci\u00f3 perqu\u00e8 amb aquest operatiu \u201cs\u2019hagin pogut treure de la circulaci\u00f3 m\u00e9s de tres quilos de drogues amb la repercussi\u00f3 que aix\u00f2 t\u00e9 a la salut p\u00fablica\u201d. L\u2019alcalde ha afegit que el govern de Badalona continuar\u00e0 posant tot l\u2019esfor\u00e7 i els mitjans en la millora de la seguretat a la ciutat.<\/p>\n","protected":false},"excerpt":{"rendered":"<p>Els Mossos d\u2019Esquadra i la Gu\u00e0rdia Urbana de Badalona van dur a terme ahir dimarts al vespre un dispositiu conjunt d\u2019entrada i registre en un club cann\u00e0bic sense llic\u00e8ncia al barri de La Mora en qu\u00e8 es van confiscar 2 quilos de marihuana i 1,2 quilos d\u2019haixix. En el local on es va fer l\u2019actuaci\u00f3 [&hellip;]<\/p>\n","protected":false},"author":2,"featured_media":6898,"comment_status":"open","ping_status":"open","sticky":false,"template":"","format":"standard","meta":{"footnotes":""},"categories":[23],"tags":[],"class_list":{"0":"post-6897","1":"post","2":"type-post","3":"status-publish","4":"format-standard","5":"has-post-thumbnail","7":"category-actualitat"},"_links":{"self":[{"href":"https:\/\/areabadalona.com\/diario\/wp-json\/wp\/v2\/posts\/6897","targetHints":{"allow":["GET"]}}],"collection":[{"href":"https:\/\/areabadalona.com\/diario\/wp-json\/wp\/v2\/posts"}],"about":[{"href":"https:\/\/areabadalona.com\/diario\/wp-json\/wp\/v2\/types\/post"}],"author":[{"embeddable":true,"href":"https:\/\/areabadalona.com\/diario\/wp-json\/wp\/v2\/users\/2"}],"replies":[{"embeddable":true,"href":"https:\/\/areabadalona.com\/diario\/wp-json\/wp\/v2\/comments?post=6897"}],"version-history":[{"count":1,"href":"https:\/\/areabadalona.com\/diario\/wp-json\/wp\/v2\/posts\/6897\/revisions"}],"predecessor-version":[{"id":6899,"href":"https:\/\/areabadalona.com\/diario\/wp-json\/wp\/v2\/posts\/6897\/revisions\/6899"}],"wp:featuredmedia":[{"embeddable":true,"href":"https:\/\/areabadalona.com\/diario\/wp-json\/wp\/v2\/media\/6898"}],"wp:attachment":[{"href":"https:\/\/areabadalona.com\/diario\/wp-json\/wp\/v2\/media?parent=6897"}],"wp:term":[{"taxonomy":"category","embeddable":true,"href":"https:\/\/areabadalona.com\/diario\/wp-json\/wp\/v2\/categories?post=6897"},{"taxonomy":"post_tag","embeddable":true,"href":"https:\/\/areabadalona.com\/diario\/wp-json\/wp\/v2\/tags?post=6897"}],"curies":[{"name":"wp","href":"https:\/\/api.w.org\/{rel}","templated":true}]}}