{"id":6895,"date":"2024-05-09T11:09:12","date_gmt":"2024-05-09T11:09:12","guid":{"rendered":"https:\/\/areabadalona.com\/diario\/?p=6895"},"modified":"2024-05-09T11:09:12","modified_gmt":"2024-05-09T11:09:12","slug":"torna-el-concurs-de-relats-de-terror-i-fantastic-al-cryptshow-festival","status":"publish","type":"post","link":"https:\/\/areabadalona.com\/diario\/2024\/05\/09\/torna-el-concurs-de-relats-de-terror-i-fantastic-al-cryptshow-festival\/","title":{"rendered":"Torna el concurs de relats de terror i fant\u00e0stic al Cryptshow Festival"},"content":{"rendered":"\n<p>L\u2019edici\u00f3 que <strong>Cryptshow Festival<\/strong> fa la majoria d\u2019edat recupera una de les potes que van fer del festival en els seus inicis multidisciplinar, el concurs de relats. En aquesta ocasi\u00f3, engeguem amb molta il\u00b7lusi\u00f3 el <strong>I Premi de Relats Cryptshow &#8211; El Biblionauta<\/strong> conjuntament amb <strong>l\u2019Associaci\u00f3 Cultural El Biblionauta<\/strong>, una entitat sense \u00e0nim de lucre dedicada a la divulgaci\u00f3 de la literatura de ci\u00e8ncia-ficci\u00f3 i fantasia en llengua catalana.<\/p>\n\n\n\n<p>El interessats han de presentar els seus relats, originals, in\u00e8dits i en llengua catalana, abans del 15 de juliol d\u2019aquest any amb una extensi\u00f3 m\u00ednima d&#8217;una frase i, m\u00e0xima, de 4.200 car\u00e0cters, inclosos els espais. La tem\u00e0tica \u00e9s <em>Antropocentrisme.&nbsp;<\/em>El relat guanyador ser\u00e0 publicat al pr\u00f2xim n\u00famero de <em>Freakcions. Recull de narracions estranyes<\/em>, el recull anual del<strong> Biblionauta<\/strong> que &nbsp;aplega relats fant\u00e0stics in\u00e8dits en llengua catalana, originals i traduccions actuals.&nbsp;<\/p>\n\n\n\n<p>Us fem arribar les bases del concurs:&nbsp;<\/p>\n\n\n\n<p>1. Hi poden participar tots els escriptors amb una obra original i in\u00e8dita, en llengua catalana. Els drets d&#8217;edici\u00f3 i reproducci\u00f3 de l&#8217;obra presentada no podran estar cedits a tercers. L&#8217;obra tampoc no podr\u00e0 haver estat presentada a un premi pendent de resoluci\u00f3. El tema del relat \u00e9s l&#8217;antropocentrisme, tem\u00e0tica del Cryptshow 2024, en el marc dels g\u00e8neres del terror, la fantasia i la ci\u00e8ncia-ficci\u00f3.<\/p>\n\n\n\n<p>2. L&#8217;extensi\u00f3 m\u00ednima del relat ser\u00e0 d&#8217;una frase i la m\u00e0xima de 4.200 car\u00e0cters, inclosos els espais.<\/p>\n\n\n\n<p>3. Els textos s&#8217;han d&#8217;enviar en arxiu de text editable abans del dia 15 de juliol de 2024 a les 00:00 h a relats@cryptshow.com. S&#8217;hauran d&#8217;enviar dos fitxers adjunts nominats segons el seg\u00fcent exemple: t\u00edtoldelrelat.doc i t\u00edtoldelrelatPLICA.doc. El primer document ha de contenir el relat, que ha d&#8217;estar titulat i signat amb pseud\u00f2nim. El segon document contindr\u00e0 la plica, \u00e9s a dir: t\u00edtol, pseud\u00f2nim, nom i cognoms de l&#8217;autor, data de naixement, adre\u00e7a postal, adre\u00e7a de correu electr\u00f2nic i n\u00famero de tel\u00e8fon.<\/p>\n\n\n\n<p>4. Un jurat format per membres del Cryptshow i de El Biblionauta, aix\u00ed com professionals independents, escollir\u00e0 el relat guanyador.<\/p>\n\n\n\n<p>5. El relat guanyador ser\u00e0 publicat al pr\u00f2xim n\u00famero de Freakcions. Recull de narracions estranyes.<\/p>\n\n\n\n<p>7. Un cop conegut el veredicte, el guanyador haur\u00e0 de signar un document on cedeixi els drets d&#8217;edici\u00f3 i reproducci\u00f3 del relat durant el temps m\u00e0xim perm\u00e8s per la llei i en exclusivitat durant un any a Cryptshow i a El Biblionauta. En aquest mateix document, a m\u00e9s, haur\u00e0 de manifestar que l&#8217;obra \u00e9s de la seva autoria i que els esmentats drets no estan cedits a tercers. Qualsevol publicaci\u00f3 posterior del relat per part de l&#8217;autor o de tercers l&#8217;haur\u00e0 d&#8217;identificar com a guanyador del I Premi Cryptshow &#8211; El Biblionauta. L&#8217;atribuci\u00f3 del premi ser\u00e0 anul\u00b7lada en cas de no complir-se les condicions d&#8217;aquest punt.<\/p>\n\n\n\n<p>8. La participaci\u00f3 en el I Premi Cryptshow &#8211; El Biblionauta implica l&#8217;acceptaci\u00f3 sense reserves d&#8217;aquestes bases.<\/p>\n","protected":false},"excerpt":{"rendered":"<p>L\u2019edici\u00f3 que Cryptshow Festival fa la majoria d\u2019edat recupera una de les potes que van fer del festival en els seus inicis multidisciplinar, el concurs de relats. En aquesta ocasi\u00f3, engeguem amb molta il\u00b7lusi\u00f3 el I Premi de Relats Cryptshow &#8211; El Biblionauta conjuntament amb l\u2019Associaci\u00f3 Cultural El Biblionauta, una entitat sense \u00e0nim de lucre [&hellip;]<\/p>\n","protected":false},"author":2,"featured_media":6770,"comment_status":"open","ping_status":"open","sticky":false,"template":"","format":"standard","meta":{"footnotes":""},"categories":[25],"tags":[],"class_list":{"0":"post-6895","1":"post","2":"type-post","3":"status-publish","4":"format-standard","5":"has-post-thumbnail","7":"category-cultura"},"_links":{"self":[{"href":"https:\/\/areabadalona.com\/diario\/wp-json\/wp\/v2\/posts\/6895","targetHints":{"allow":["GET"]}}],"collection":[{"href":"https:\/\/areabadalona.com\/diario\/wp-json\/wp\/v2\/posts"}],"about":[{"href":"https:\/\/areabadalona.com\/diario\/wp-json\/wp\/v2\/types\/post"}],"author":[{"embeddable":true,"href":"https:\/\/areabadalona.com\/diario\/wp-json\/wp\/v2\/users\/2"}],"replies":[{"embeddable":true,"href":"https:\/\/areabadalona.com\/diario\/wp-json\/wp\/v2\/comments?post=6895"}],"version-history":[{"count":1,"href":"https:\/\/areabadalona.com\/diario\/wp-json\/wp\/v2\/posts\/6895\/revisions"}],"predecessor-version":[{"id":6896,"href":"https:\/\/areabadalona.com\/diario\/wp-json\/wp\/v2\/posts\/6895\/revisions\/6896"}],"wp:featuredmedia":[{"embeddable":true,"href":"https:\/\/areabadalona.com\/diario\/wp-json\/wp\/v2\/media\/6770"}],"wp:attachment":[{"href":"https:\/\/areabadalona.com\/diario\/wp-json\/wp\/v2\/media?parent=6895"}],"wp:term":[{"taxonomy":"category","embeddable":true,"href":"https:\/\/areabadalona.com\/diario\/wp-json\/wp\/v2\/categories?post=6895"},{"taxonomy":"post_tag","embeddable":true,"href":"https:\/\/areabadalona.com\/diario\/wp-json\/wp\/v2\/tags?post=6895"}],"curies":[{"name":"wp","href":"https:\/\/api.w.org\/{rel}","templated":true}]}}