{"id":6891,"date":"2024-05-02T15:20:09","date_gmt":"2024-05-02T15:20:09","guid":{"rendered":"https:\/\/areabadalona.com\/diario\/?p=6891"},"modified":"2024-05-02T15:20:09","modified_gmt":"2024-05-02T15:20:09","slug":"les-festes-de-maig-de-badalona-sinicien-aquest-divendres-amb-el-prego-de-lempresari-enrique-tomas","status":"publish","type":"post","link":"https:\/\/areabadalona.com\/diario\/2024\/05\/02\/les-festes-de-maig-de-badalona-sinicien-aquest-divendres-amb-el-prego-de-lempresari-enrique-tomas\/","title":{"rendered":"Les Festes de Maig de Badalona s\u2019inicien aquest divendres amb el preg\u00f3 de l\u2019empresari Enrique Tom\u00e0s"},"content":{"rendered":"\n<p>Aquest divendres 3 de maig a les 19 hores, el conegut empresari badalon\u00ed Enrique Tom\u00e1s pronunciar\u00e0 des del balc\u00f3 de la Casa de la Vila el preg\u00f3 que iniciar\u00e0 formalment les Festes de Maig de Badalona. Una int\u00e8rpret de llenguatge de signes ajudar\u00e0 les persones amb discapacitat auditiva a seguir el preg\u00f3. L\u2019acte es podr\u00e0 veure en directe a trav\u00e9s de Televisi\u00f3 de Badalona i a <a href=\"https:\/\/www.bdncom.cat\/\">bdncom.cat<\/a>.<\/p>\n\n\n\n<p>Nascut a Badalona l\u2019any 1966, Enrique Tom\u00e1s \u00e9s el petit d&#8217;onze germans. Va comen\u00e7ar la seva activitat empresarial l&#8217;any 1982 amb una petita parada al Mercat de la Salut. Des dels seus inicis darrere el taulell, fruit de l&#8217;esfor\u00e7, la capacitat per a entendre les necessitats dels clients a trav\u00e9s del tracte directe i l\u2019especialitzaci\u00f3 en el producte ib\u00e8ric, Tom\u00e1s ha aconseguit ser el principal referent del pernil arreu del m\u00f3n. Avui dia, la seva marca \u00e9s l\u00edder en el mercat global amb m\u00e9s de 120 botigues repartides per Europa i Am\u00e8rica i amb plans d\u2019expansi\u00f3 a \u00c0sia.&nbsp;<\/p>\n\n\n\n<p>Enrique Tom\u00e0s \u00e9s un gran ambaixador de Badalona i sempre expressa l\u2019orgull de pertinen\u00e7a a la ciutat i els seus valors all\u00e0 on va.<\/p>\n\n\n\n<p><strong>Inici de les Festes<\/strong><\/p>\n\n\n\n<p>La pla\u00e7a de la Vila torna a ser l\u2019epicentre de l\u2019inici oficial dels actes de les Festes de Maig. A les 19 hores tindr\u00e0 lloc el <strong>Toc d\u2019Inici<\/strong>&nbsp;on s\u2019avisa a la ciutadania que les festes estan a punt de comen\u00e7ar. Despr\u00e9s del <strong>Preg\u00f3 <\/strong>pronunciat des del balc\u00f3 de la Casa de la Vila, tindr\u00e0 lloc a la pla\u00e7a el <strong>Ball de l\u2019\u00c0liga<\/strong>; els <strong>Onze Trons de Sant Anastasi<\/strong>; el <strong>Ball dels Miquelets<\/strong>; el seguici festiu, que pujar\u00e0 pel carrer de Sant Anastasi fins a arribar a la capella del sant. All\u00e0 l\u2019enxaneta dels Castellers de Badalona posar\u00e0 al sant el tradicional mocador que abans haur\u00e0 ofert l\u2019alcalde de Badalona. Despr\u00e9s el Seguici tornar\u00e0 a la pla\u00e7a de la Vila per acabar, aquests primers actes, amb les <strong>Danses de Maig<\/strong>, a c\u00e0rrec de <strong>l\u2019Esbart de Sant Jordi<\/strong>.<\/p>\n\n\n\n<p>Despr\u00e9s del Preg\u00f3, a les 20 hores, tamb\u00e9 a la pla\u00e7a de la Vila, la m\u00fasica ser\u00e0 protagonista amb el<strong> <em>Tribut a Queen<\/em>&nbsp;de Momo Cort\u00e9s<\/strong>, un xou per recordar un dels grups m\u00e9s importants del segle XX i homenatjar de tot cor la figura de Freddie Mercury.&nbsp;&nbsp;<\/p>\n\n\n\n<p>A les 21.30 hores, organitzada per la Comissi\u00f3 de Festes, comen\u00e7ar\u00e0 la <strong>Nit del Mono<\/strong>. A partir de la figura del capgr\u00f2s del mono, es far\u00e0 una cercavila nocturna i festiva amb m\u00fasica de gralles i xaranga des de la pla\u00e7a de la Vila passant pels carrers de Baix a Mar&nbsp; i amb final davant la figura del Dimoni al passeig Mar\u00edtim. En acabar, la festa continuar\u00e0 amb un ball al ritme de discj\u00f2queis a la platja.<\/p>\n\n\n\n<p><strong>Trobada de puntaires<\/strong><\/p>\n\n\n\n<p>El primer cap de setmana de les Festes de Maig comen\u00e7ar\u00e0 dissabte 4 de maig, a partir de les 10 hores, amb la <strong>Trobada de puntaires<\/strong>&nbsp;que tindr\u00e0 lloc al passeig de la Rambla. A m\u00e9s, tant dissabte com diumenge, des de les 11 fins a les 13 hores, es podr\u00e0 visitar a l\u2019Escola del Mar l\u2019exposici\u00f3 \u201cBadalona un mar de puntes\u201d.<\/p>\n\n\n\n<p><strong>Cercavila Petita<\/strong><\/p>\n\n\n\n<p>Dissabte, a partir de les 11 hores, al passeig de la Rambla comen\u00e7ar\u00e0 la Cercavila Petita. En arribar a la pla\u00e7a de la Vila, cap a les 12 del migdia, totes les colles participants faran una tanda de llu\u00efment al centre de la pla\u00e7a. L\u2019acompanyament musical de l\u2019activitat anir\u00e0 a c\u00e0rrec de <strong>l\u2019Aula de M\u00fasica Tradicional de l\u2019EMMB<\/strong>&nbsp;i de&nbsp; <strong>Badalona Batec.<\/strong><\/p>\n\n\n\n<p><strong>Badagegants<\/strong><\/p>\n\n\n\n<p>A les 17 hores la pla\u00e7a de la Vila acollir\u00e0 la <strong>Mostra de gegants i ball dels gegants d\u2019Alc\u00fadia<\/strong>, que comptar\u00e0 amb la participaci\u00f3 dels gegants d\u2019Alc\u00fadia (Mallorca), Cabrera de Mar, Les Franqueses, l\u2019ACF de Sant Feliu de Llobregat i Sant Jaume de Barcelona. Tamb\u00e9 hi assistiran les quatre parelles de gegants de Badalona. A les 18 hores comen\u00e7ar\u00e0 la <strong>Cercavila<\/strong>&nbsp;fins a la pla\u00e7a de la Plana. La tarda es tancar\u00e0 amb la <strong>Mostra de balls de gegants<\/strong>&nbsp;a les 18.45 hores a la pla\u00e7a de la Plana, que anir\u00e0 a c\u00e0rrec de la Colla de Geganters de Badalona.<\/p>\n\n\n\n<p><strong>Batocona<\/strong><\/p>\n\n\n\n<p>A les 18.30 hores, a la pla\u00e7a de Pompeu Fabra, tindr\u00e0 lloc la <strong>Batocona<\/strong>, una cercavila de grups de percussi\u00f3 locals i convidats d\u2019arreu de Catalunya. Recorregut: Carrers de Francesc Layret, de Mar, del Canonge Baranera, de Sant Francesc d\u2019Ass\u00eds, de Sant Pere, de Mar i passeig de la Rambla. A c\u00e0rrec de <strong>Bufons del Toc.<\/strong><\/p>\n\n\n\n<p><strong>Art Arn\u00fas<\/strong><\/p>\n\n\n\n<p>El dissabte 4 de maig al parc de Can Solei i Ca l\u2019Arn\u00fas es presenta una acurada selecci\u00f3 d\u2019actuacions de diferents estils adre\u00e7ades a tots els p\u00fablics. Els assistents podran gaudir de la m\u00fasica de les bandes badalonines <strong>Willio<\/strong> (13 h) i Sun Street Blues (19 h), i de <strong>Quimi Portet<\/strong>&nbsp;(21 h), un dels principals referents de la m\u00fasica catalana dels \u00faltims 30 anys.<\/p>\n\n\n\n<p>El diumenge 5 de maig, la proposta es completa amb dos referents de la m\u00fasica catalana actual: <strong>Renaldo&amp;Clara<\/strong>&nbsp;(18 h) i <strong>Maria Hein<\/strong>&nbsp;(20 h)<\/p>\n\n\n\n<p><strong>Festa del Badiu.<\/strong>&nbsp;Diumenge 5 de maig. A partir de les 10 h, al Parc de Can Solei i de Ca l\u2019Arn\u00fas. Amb l\u2019actuaci\u00f3 infantil de La Colla Pirata de Pepet i Marieta.<\/p>\n\n\n\n<p><strong>Fira de Sant Roc d\u2019Artesania i Mostra d\u2019Entitats.<\/strong>&nbsp;Diumenge 5 de maig. A partir de les 10 hores a la pla\u00e7a Roja.<\/p>\n\n\n\n<p><strong>Diada Trabucaire, passejant per la hist\u00f2ria!<\/strong>&nbsp;Diumenge 5 de maig. A partir de les 12 hores a la pla\u00e7a de Pompeu Fabra. Representaci\u00f3 del ball parlat, fent un rep\u00e0s a la hist\u00f2ria dels Miquelets, els seus precursors i alguns fets locals. Tot seguit es far\u00e0 una cercavila amb les colles convidades.<\/p>\n","protected":false},"excerpt":{"rendered":"<p>Aquest divendres 3 de maig a les 19 hores, el conegut empresari badalon\u00ed Enrique Tom\u00e1s pronunciar\u00e0 des del balc\u00f3 de la Casa de la Vila el preg\u00f3 que iniciar\u00e0 formalment les Festes de Maig de Badalona. Una int\u00e8rpret de llenguatge de signes ajudar\u00e0 les persones amb discapacitat auditiva a seguir el preg\u00f3. L\u2019acte es podr\u00e0 [&hellip;]<\/p>\n","protected":false},"author":2,"featured_media":6892,"comment_status":"open","ping_status":"open","sticky":false,"template":"","format":"standard","meta":{"footnotes":""},"categories":[25],"tags":[],"class_list":{"0":"post-6891","1":"post","2":"type-post","3":"status-publish","4":"format-standard","5":"has-post-thumbnail","7":"category-cultura"},"_links":{"self":[{"href":"https:\/\/areabadalona.com\/diario\/wp-json\/wp\/v2\/posts\/6891","targetHints":{"allow":["GET"]}}],"collection":[{"href":"https:\/\/areabadalona.com\/diario\/wp-json\/wp\/v2\/posts"}],"about":[{"href":"https:\/\/areabadalona.com\/diario\/wp-json\/wp\/v2\/types\/post"}],"author":[{"embeddable":true,"href":"https:\/\/areabadalona.com\/diario\/wp-json\/wp\/v2\/users\/2"}],"replies":[{"embeddable":true,"href":"https:\/\/areabadalona.com\/diario\/wp-json\/wp\/v2\/comments?post=6891"}],"version-history":[{"count":1,"href":"https:\/\/areabadalona.com\/diario\/wp-json\/wp\/v2\/posts\/6891\/revisions"}],"predecessor-version":[{"id":6893,"href":"https:\/\/areabadalona.com\/diario\/wp-json\/wp\/v2\/posts\/6891\/revisions\/6893"}],"wp:featuredmedia":[{"embeddable":true,"href":"https:\/\/areabadalona.com\/diario\/wp-json\/wp\/v2\/media\/6892"}],"wp:attachment":[{"href":"https:\/\/areabadalona.com\/diario\/wp-json\/wp\/v2\/media?parent=6891"}],"wp:term":[{"taxonomy":"category","embeddable":true,"href":"https:\/\/areabadalona.com\/diario\/wp-json\/wp\/v2\/categories?post=6891"},{"taxonomy":"post_tag","embeddable":true,"href":"https:\/\/areabadalona.com\/diario\/wp-json\/wp\/v2\/tags?post=6891"}],"curies":[{"name":"wp","href":"https:\/\/api.w.org\/{rel}","templated":true}]}}