{"id":6757,"date":"2024-04-05T08:40:26","date_gmt":"2024-04-05T08:40:26","guid":{"rendered":"https:\/\/areabadalona.com\/diario\/?p=6757"},"modified":"2024-04-08T08:41:08","modified_gmt":"2024-04-08T08:41:08","slug":"la-sala-de-la-placa-de-pompeu-fabra-acull-del-6-al-21-dabril-una-exposicio-per-commemorar-el-25e-aniversari-de-lassociacio-badalona-basquet-base","status":"publish","type":"post","link":"https:\/\/areabadalona.com\/diario\/2024\/04\/05\/la-sala-de-la-placa-de-pompeu-fabra-acull-del-6-al-21-dabril-una-exposicio-per-commemorar-el-25e-aniversari-de-lassociacio-badalona-basquet-base\/","title":{"rendered":"La sala de la pla\u00e7a de Pompeu Fabra acull del 6 al 21 d\u2019abril una exposici\u00f3 per commemorar el 25\u00e8 aniversari de l\u2019associaci\u00f3 Badalona B\u00e0squet Base"},"content":{"rendered":"\n<p>A partir d\u2019aquest dissabte 6 i fins al pr\u00f2xim dia 21 d\u2019abril, la sala de la pla\u00e7a de Pompeu Fabra ser\u00e0 escenari d\u2019una exposici\u00f3 pel 25\u00e8 aniversari de l\u2019associaci\u00f3 Badalona B\u00e0squet Base. La mostra es podr\u00e0 visitar de dilluns a divendres entre les 17 i les 20 hores i els caps de setmana de 10 a 13 hores i de 17 a 20 hores.<\/p>\n\n\n\n<p>La mostra inclou una exposici\u00f3 gr\u00e0fica i una selecci\u00f3 d\u2019objectes antics, com samarretes i trofeus, dels 25 anys de l&#8217;associaci\u00f3 Badalona B\u00e0squet Base, que est\u00e0 representada pels dotze clubs de b\u00e0squet de la ciutat (Associaci\u00f3 B\u00e0squet Bufal\u00e0, Maristes Ademar, Associaci\u00f3 Esportiva Badalon\u00e8s, Associaci\u00f3 Esportiva Minguella, Badalona B\u00e0squet Club, Club de B\u00e0squet Sant Josep, El C\u00edrcol, Club Joventut Badalona, Associaci\u00f3 Esportiva DOSA, Associaci\u00f3 Esportiva Sant Andreu de Natzaret, Uni\u00f3 B\u00e0squet Llefi\u00e0 i Associaci\u00f3 Esportiva Escolar Col\u00b7legi Cultural).<\/p>\n\n\n\n<p>Els visitants tamb\u00e9 podran gaudir de material basquetbol\u00edstic antic cedit per la Federaci\u00f3 Catalana de Basquetbol. Entre els objectes exposats destaquen, entre altres, una banqueta de ferro, cistelles antigues, material t\u00e8xtil com samarretes i bosses d&#8217;esport, cartells d&#8217;\u00e8poca, o diverses pilotes que mostren l&#8217;evoluci\u00f3 del b\u00e0squet en els darrers vint-i-cinc anys.<\/p>\n\n\n\n<p>Per fer la mostra m\u00e9s participativa, s\u2019ha adequat un espai on hi ha dues cistelles perqu\u00e8 els visitants puguin provar les seves habilitats llen\u00e7ant a l\u2019anella.<\/p>\n\n\n\n<p>Aquest divendres a la tarda s\u2019ha donat el tret de sortida a l\u2019exposici\u00f3 amb la participaci\u00f3 de l\u2019alcalde de Badalona, Xavier Garcia Albiol; el primer tinent d\u2019alcalde i regidor de l\u2019\u00c0mbit d\u2019Hisenda i Finances, Recursos Interns, Esports i Seguretat, Juan Fern\u00e1ndez; el president de l&#8217;Associaci\u00f3 Badalona B\u00e0squet Base, Rosendo Gabara; el directiu de la Federaci\u00f3 Catalana de Basquetbol, Salvador Chiva; i de representants de m\u00f3n del b\u00e0squet de la ciutat, d\u2019altres associacions esportives de la ciutat, d\u2019altres associacions, culturals, empresarials i ve\u00efnals de Badalona.<\/p>\n\n\n\n<p>Durant l\u2019acte s\u2019ha presentat el nou logotip de l\u2019Associaci\u00f3 Badalona B\u00e0squet Base, dissenyat per Jaume Arqu\u00e9. El nou s\u00edmbol es compon de tres lletres B coronades per una anella i una pilota de b\u00e0squet i dona a l\u2019associaci\u00f3 una imatge renovada i adaptada a les noves tend\u00e8ncies gr\u00e0fiques.<\/p>\n\n\n\n<p>L\u2019alcalde de Badalona, Xavier Garcia Albiol, ha agra\u00eft al Badalona B\u00e0squet Base i els seus clubs la seva tasca i empenta i satisfet per l&#8217;estat de salut de l\u2019associaci\u00f3, un senyal, segons ha dit, \u00abque s&#8217;han fet les coses b\u00e9\u00bb. \u201cEl b\u00e0squet a Badalona t\u00e9 una energia i una pot\u00e8ncia especial, que el converteixen en una senya d&#8217;identitat de la ciutat; per aix\u00f2 tots estem obligats a posar el nostre granet de sorra per ajudar\u00bb, ha destacat Garcia Albiol. En aquest sentit, l&#8217;alcalde ha lamentat l&#8217;estat en qu\u00e8 es troben moltes instal\u00b7lacions esportives i culturals de la ciutat. \u00abAl govern que lidero ens correspon endre\u00e7ar aquesta situaci\u00f3, per aix\u00f2 tenim el comprom\u00eds d&#8217;iniciar en els pr\u00f2xims mesos la remodelaci\u00f3 de sis pavellons, fet que suposar\u00e0 un pas important, i tamb\u00e9 farem noves instal\u00b7lacions esportives durant aquest mandat\u201d, ha assegurat Garcia Albiol.<\/p>\n","protected":false},"excerpt":{"rendered":"<p>A partir d\u2019aquest dissabte 6 i fins al pr\u00f2xim dia 21 d\u2019abril, la sala de la pla\u00e7a de Pompeu Fabra ser\u00e0 escenari d\u2019una exposici\u00f3 pel 25\u00e8 aniversari de l\u2019associaci\u00f3 Badalona B\u00e0squet Base. La mostra es podr\u00e0 visitar de dilluns a divendres entre les 17 i les 20 hores i els caps de setmana de 10 [&hellip;]<\/p>\n","protected":false},"author":2,"featured_media":6758,"comment_status":"open","ping_status":"open","sticky":false,"template":"","format":"standard","meta":{"footnotes":""},"categories":[26],"tags":[],"class_list":{"0":"post-6757","1":"post","2":"type-post","3":"status-publish","4":"format-standard","5":"has-post-thumbnail","7":"category-esports"},"_links":{"self":[{"href":"https:\/\/areabadalona.com\/diario\/wp-json\/wp\/v2\/posts\/6757","targetHints":{"allow":["GET"]}}],"collection":[{"href":"https:\/\/areabadalona.com\/diario\/wp-json\/wp\/v2\/posts"}],"about":[{"href":"https:\/\/areabadalona.com\/diario\/wp-json\/wp\/v2\/types\/post"}],"author":[{"embeddable":true,"href":"https:\/\/areabadalona.com\/diario\/wp-json\/wp\/v2\/users\/2"}],"replies":[{"embeddable":true,"href":"https:\/\/areabadalona.com\/diario\/wp-json\/wp\/v2\/comments?post=6757"}],"version-history":[{"count":1,"href":"https:\/\/areabadalona.com\/diario\/wp-json\/wp\/v2\/posts\/6757\/revisions"}],"predecessor-version":[{"id":6759,"href":"https:\/\/areabadalona.com\/diario\/wp-json\/wp\/v2\/posts\/6757\/revisions\/6759"}],"wp:featuredmedia":[{"embeddable":true,"href":"https:\/\/areabadalona.com\/diario\/wp-json\/wp\/v2\/media\/6758"}],"wp:attachment":[{"href":"https:\/\/areabadalona.com\/diario\/wp-json\/wp\/v2\/media?parent=6757"}],"wp:term":[{"taxonomy":"category","embeddable":true,"href":"https:\/\/areabadalona.com\/diario\/wp-json\/wp\/v2\/categories?post=6757"},{"taxonomy":"post_tag","embeddable":true,"href":"https:\/\/areabadalona.com\/diario\/wp-json\/wp\/v2\/tags?post=6757"}],"curies":[{"name":"wp","href":"https:\/\/api.w.org\/{rel}","templated":true}]}}