{"id":6727,"date":"2024-04-04T08:31:23","date_gmt":"2024-04-04T08:31:23","guid":{"rendered":"https:\/\/areabadalona.com\/diario\/?p=6727"},"modified":"2024-04-04T08:31:24","modified_gmt":"2024-04-04T08:31:24","slug":"lespai-betulia-porta-a-partir-del-5-dabril-a-badalona-una-doble-exposicio-on-el-ferrocarril-es-el-fil-conductor-per-als-creadors-artistics","status":"publish","type":"post","link":"https:\/\/areabadalona.com\/diario\/2024\/04\/04\/lespai-betulia-porta-a-partir-del-5-dabril-a-badalona-una-doble-exposicio-on-el-ferrocarril-es-el-fil-conductor-per-als-creadors-artistics\/","title":{"rendered":"L\u2019Espai Bet\u00falia porta a partir del 5 d\u2019abril a Badalona una doble exposici\u00f3 on el ferrocarril \u00e9s el fil conductor per als creadors art\u00edstics"},"content":{"rendered":"\n<p>El ferrocarril \u00e9s un mitj\u00e0 de transport que ha contribu\u00eft en la transformaci\u00f3 de la societat i del paisatge. Tamb\u00e9 ha estat, i encara ho \u00e9s, una gran font de viv\u00e8ncies i d\u2019inspiraci\u00f3, fins a esdevenir a vegades un veritable objecte de culte. L\u2019Espai Bet\u00falia, Centre de la Paraula i les Lletres, presenta \u201cEl plaer de viatjar\u201d i \u201cRa\u00efls i paraules\u201d, una doble exposici\u00f3 al voltant del ferrocarril que es podr\u00e0 veure des d\u2019aquest divendres, 5 d\u2019abril, fins al divendres 24 de maig.<\/p>\n\n\n\n<p>L\u2019exposici\u00f3 \u201cEl plaer de viatjar. El ferrocarril en les arts i la literatura catalanes\u201d mostra com les arts pl\u00e0stiques i la literatura han estat testimoni de l\u2019arribada del ferrocarril a Catalunya, de la seva rebuda, de les professions que ha generat i de com ha esdevingut, fins i tot, un objecte de culte. El fil conductor de l\u2019exposici\u00f3 s\u00f3n els nous paisatges que ha generat el ferrocarril, tant geogr\u00e0fics, urbans, socials i humans, i com han donat peu a espais d\u2019aventures.<\/p>\n\n\n\n<p>\u201cRa\u00efls i paraules\u201d \u00e9s una manifestaci\u00f3 actual de com el ferrocarril continua inspirant els creadors, en aquest cas, un escriptor (Jordi Font- Agust\u00ed) i una fot\u00f2grafa (Anna Esp\u00ed). Tots dos proposen un recorregut pel m\u00f3n del ferrocarril amb poemes i fotografies que ens transporten a diversos ferrocarrils del m\u00f3n, des dels aspectes m\u00e9s t\u00e8cnics (locomotores, cotxes i vagons, infraestructures) fins a arribar al vincle emocional que podem establir amb els trens i les estacions com a escenaris de les nostres aventures vitals.<\/p>\n\n\n\n<p><strong>Activitats complement\u00e0ries<\/strong><\/p>\n\n\n\n<p>24 d\u2019abril, a les 19 hores.<\/p>\n\n\n\n<p><strong>Visita guiada<\/strong><\/p>\n\n\n\n<p>A c\u00e0rrec de Jordi Font-Agust\u00ed, comissari de l\u2019exposici\u00f3 i Anna Esp\u00ed, fot\u00f2grafa.<\/p>\n\n\n\n<p>14 de maig, a les 19 hores.<\/p>\n\n\n\n<p><strong>Confer\u00e8ncia<\/strong><\/p>\n\n\n\n<p>\u201cTrens, metros i tramvies en la premsa sat\u00edrica\u201d.<\/p>\n\n\n\n<p>A c\u00e0rrec de Jordi Font-Agust\u00ed, comissari de l\u2019exposici\u00f3.<\/p>\n\n\n\n<p><strong>Inauguraci\u00f3<\/strong><\/p>\n\n\n\n<p>La inauguraci\u00f3 d\u2019aquesta doble exposici\u00f3 tindr\u00e0 lloc <strong>dimarts 9 d\u2019abril, a les 19 hores, a l\u2019Espai Bet\u00falia, Centre de la Paraula i les Lletres<\/strong>&nbsp;(carrer d\u2019Enric Borr\u00e0s, 43 &#8211; 47, Badalona). La mostra es podr\u00e0 visitar a partir d\u2019aquest divendres, 5 d\u2019abril, i fins el 24 de maig, de dilluns a divendres de 10 a 20.30 hores.<\/p>\n\n\n\n<p>L\u2019exposici\u00f3 compta amb la col\u00b7laboraci\u00f3 de la Universitat Polit\u00e8cnica de Catalunya (UPC), la Fundaci\u00f3n de los Ferrocarriles Espa\u00f1oles, Ferrocarrils de la Generalitat de Catalunya (FGC), el Museu del Ferrocarril a Catalunya a Vilanova i la Geltr\u00fa i el Museu de la Ci\u00e8ncia i la T\u00e8cnica de Catalunya (MNACTEC).<\/p>\n\n\n\n<p>M\u00e9s informaci\u00f3:<\/p>\n\n\n\n<p><a href=\"https:\/\/www.badalona.cat\/ca\/serveis-ajuntament\/cultura\/agenda\/exposicio-el-plaer-de-viatjar-el-ferrocarril-en-les-arts-i-la-literatura-catalanes\">https:\/\/www.badalona.cat\/ca\/serveis-ajuntament\/cultura\/agenda\/exposicio-el-plaer-de-viatjar-el-ferrocarril-en-les-arts-i-la-literatura-catalanes<\/a><\/p>\n","protected":false},"excerpt":{"rendered":"<p>El ferrocarril \u00e9s un mitj\u00e0 de transport que ha contribu\u00eft en la transformaci\u00f3 de la societat i del paisatge. Tamb\u00e9 ha estat, i encara ho \u00e9s, una gran font de viv\u00e8ncies i d\u2019inspiraci\u00f3, fins a esdevenir a vegades un veritable objecte de culte. L\u2019Espai Bet\u00falia, Centre de la Paraula i les Lletres, presenta \u201cEl plaer [&hellip;]<\/p>\n","protected":false},"author":2,"featured_media":6728,"comment_status":"open","ping_status":"open","sticky":false,"template":"","format":"standard","meta":{"footnotes":""},"categories":[25],"tags":[],"class_list":{"0":"post-6727","1":"post","2":"type-post","3":"status-publish","4":"format-standard","5":"has-post-thumbnail","7":"category-cultura"},"_links":{"self":[{"href":"https:\/\/areabadalona.com\/diario\/wp-json\/wp\/v2\/posts\/6727","targetHints":{"allow":["GET"]}}],"collection":[{"href":"https:\/\/areabadalona.com\/diario\/wp-json\/wp\/v2\/posts"}],"about":[{"href":"https:\/\/areabadalona.com\/diario\/wp-json\/wp\/v2\/types\/post"}],"author":[{"embeddable":true,"href":"https:\/\/areabadalona.com\/diario\/wp-json\/wp\/v2\/users\/2"}],"replies":[{"embeddable":true,"href":"https:\/\/areabadalona.com\/diario\/wp-json\/wp\/v2\/comments?post=6727"}],"version-history":[{"count":1,"href":"https:\/\/areabadalona.com\/diario\/wp-json\/wp\/v2\/posts\/6727\/revisions"}],"predecessor-version":[{"id":6729,"href":"https:\/\/areabadalona.com\/diario\/wp-json\/wp\/v2\/posts\/6727\/revisions\/6729"}],"wp:featuredmedia":[{"embeddable":true,"href":"https:\/\/areabadalona.com\/diario\/wp-json\/wp\/v2\/media\/6728"}],"wp:attachment":[{"href":"https:\/\/areabadalona.com\/diario\/wp-json\/wp\/v2\/media?parent=6727"}],"wp:term":[{"taxonomy":"category","embeddable":true,"href":"https:\/\/areabadalona.com\/diario\/wp-json\/wp\/v2\/categories?post=6727"},{"taxonomy":"post_tag","embeddable":true,"href":"https:\/\/areabadalona.com\/diario\/wp-json\/wp\/v2\/tags?post=6727"}],"curies":[{"name":"wp","href":"https:\/\/api.w.org\/{rel}","templated":true}]}}