{"id":6724,"date":"2024-04-03T08:18:58","date_gmt":"2024-04-03T08:18:58","guid":{"rendered":"https:\/\/areabadalona.com\/diario\/?p=6724"},"modified":"2024-04-03T08:18:58","modified_gmt":"2024-04-03T08:18:58","slug":"lalcalde-de-badalona-demana-per-carta-al-ministeri-per-a-la-transicio-ecologica-una-reunio-urgent-per-regenerar-abans-de-lestiu-les-platges-afectades-pels-darrers-temporals","status":"publish","type":"post","link":"https:\/\/areabadalona.com\/diario\/2024\/04\/03\/lalcalde-de-badalona-demana-per-carta-al-ministeri-per-a-la-transicio-ecologica-una-reunio-urgent-per-regenerar-abans-de-lestiu-les-platges-afectades-pels-darrers-temporals\/","title":{"rendered":"L\u2019alcalde de Badalona demana per carta al Ministeri per a la Transici\u00f3 Ecol\u00f2gica una reuni\u00f3 urgent per regenerar abans de l\u2019estiu les platges afectades pels darrers temporals\u00a0"},"content":{"rendered":"\n<p>L\u2019alcalde de Badalona, Xavier Garcia Albiol, ha enviat aquest dimarts una carta a la ministra per a la Transici\u00f3 Ecol\u00f2gica i el Repte Demogr\u00e0fic, Teresa Ribera, en la que demana que se celebri urgentment una reuni\u00f3 per coordinar les solucions inajornables i necess\u00e0ries per regenerar les platges de la ciutat que han patit els estralls de dos temporals durant el passat mes de mar\u00e7.<\/p>\n\n\n\n<p>En la missiva, Garcia Albiol assenyala que els episodis meteorol\u00f2gics del 9 i el 28 de mar\u00e7 han tingut un impacte devastador a les platges de la ciutat, amb una significativa p\u00e8rdua de sorra i reducci\u00f3 de l\u2019amplada de la superf\u00edcie utilitzable, fet que compromet l\u2019entorn natural, l\u2019activitat tur\u00edstica i, sobretot, l\u2019oci i el gaudi dels ve\u00efns de Badalona. A m\u00e9s, aquests temporals han provocat l&#8217;aflorament a la sorra d&#8217;estructures de ciment pertanyents a antigues construccions, una situaci\u00f3 que representa un risc per a la seguretat dels usuaris de les platges i que \u00e9s important corregir.<\/p>\n\n\n\n<p>Davant d\u2019aquesta situaci\u00f3, l\u2019alcalde sol\u00b7licita a la ministra Ribera celebrar una reuni\u00f3 en qu\u00e8 tamb\u00e9 participi l\u2019\u00c0rea Metropolitana de Barcelona (AMB), responsable del manteniment de les platges, i representants dels municipis costaners del Barcelon\u00e8s que tamb\u00e9 s\u2019han vist afectats pels temporals.<\/p>\n\n\n\n<p>L\u2019alcalde Garcia Albiol recorda a la ministra Ribera que el passat 21 de febrer ja es va mantenir una reuni\u00f3&nbsp; amb el secretari d\u2019Estat de Medi Ambient, Hugo Mor\u00e1n, i la directora general de la Costa i el Mar, Ana Mar\u00eda O\u00f1oro, on es va acordar que es treballaria per regenerar el litoral badalon\u00ed i adequar-lo per a la temporada d\u2019estiu. \u201cSi llavors era urgent actuar, despr\u00e9s dels darrers episodis meteorol\u00f2gics i veient la magnitud dels danys que han patit les nostres platges, abordar la situaci\u00f3 ara \u00e9s clarament una emerg\u00e8ncia\u201d, remarca l\u2019alcalde de Badalona.<\/p>\n\n\n\n<p>Per afavorir que l\u2019actuaci\u00f3 del Ministeri per a la Transici\u00f3 Ecol\u00f2gica i el Repte Demogr\u00e0fic sigui imminent, l\u2019alcalde Xavier Garcia Albiol ha enviat tamb\u00e9 una carta al president de l\u2019AMB, Jaume Collboni, demanant la seva implicaci\u00f3 per resoldre aquesta crisi. En el seu escrit l\u2019alcalde de Badalona destaca que cal que tamb\u00e9 participin en la reuni\u00f3 als representants de tots els municipis costaners del Barcelon\u00e8s afectats pels temporals per poder revertir la situaci\u00f3 de manera coordina i satisfact\u00f2ria.<\/p>\n\n\n\n<p>L\u2019alcalde Xavier Garcia Albiol considera que \u201cen aquests moments la col\u00b7laboraci\u00f3 entre les diferents administracions \u00e9s clau per fer front a la situaci\u00f3 i per trobar les millors estrat\u00e8gies per protegir els interessos i el benestar de la ciutadania\u201d.<\/p>\n","protected":false},"excerpt":{"rendered":"<p>L\u2019alcalde de Badalona, Xavier Garcia Albiol, ha enviat aquest dimarts una carta a la ministra per a la Transici\u00f3 Ecol\u00f2gica i el Repte Demogr\u00e0fic, Teresa Ribera, en la que demana que se celebri urgentment una reuni\u00f3 per coordinar les solucions inajornables i necess\u00e0ries per regenerar les platges de la ciutat que han patit els estralls [&hellip;]<\/p>\n","protected":false},"author":2,"featured_media":6725,"comment_status":"open","ping_status":"open","sticky":false,"template":"","format":"standard","meta":{"footnotes":""},"categories":[24],"tags":[],"class_list":{"0":"post-6724","1":"post","2":"type-post","3":"status-publish","4":"format-standard","5":"has-post-thumbnail","7":"category-societat"},"_links":{"self":[{"href":"https:\/\/areabadalona.com\/diario\/wp-json\/wp\/v2\/posts\/6724","targetHints":{"allow":["GET"]}}],"collection":[{"href":"https:\/\/areabadalona.com\/diario\/wp-json\/wp\/v2\/posts"}],"about":[{"href":"https:\/\/areabadalona.com\/diario\/wp-json\/wp\/v2\/types\/post"}],"author":[{"embeddable":true,"href":"https:\/\/areabadalona.com\/diario\/wp-json\/wp\/v2\/users\/2"}],"replies":[{"embeddable":true,"href":"https:\/\/areabadalona.com\/diario\/wp-json\/wp\/v2\/comments?post=6724"}],"version-history":[{"count":1,"href":"https:\/\/areabadalona.com\/diario\/wp-json\/wp\/v2\/posts\/6724\/revisions"}],"predecessor-version":[{"id":6726,"href":"https:\/\/areabadalona.com\/diario\/wp-json\/wp\/v2\/posts\/6724\/revisions\/6726"}],"wp:featuredmedia":[{"embeddable":true,"href":"https:\/\/areabadalona.com\/diario\/wp-json\/wp\/v2\/media\/6725"}],"wp:attachment":[{"href":"https:\/\/areabadalona.com\/diario\/wp-json\/wp\/v2\/media?parent=6724"}],"wp:term":[{"taxonomy":"category","embeddable":true,"href":"https:\/\/areabadalona.com\/diario\/wp-json\/wp\/v2\/categories?post=6724"},{"taxonomy":"post_tag","embeddable":true,"href":"https:\/\/areabadalona.com\/diario\/wp-json\/wp\/v2\/tags?post=6724"}],"curies":[{"name":"wp","href":"https:\/\/api.w.org\/{rel}","templated":true}]}}