{"id":6721,"date":"2024-04-03T08:16:40","date_gmt":"2024-04-03T08:16:40","guid":{"rendered":"https:\/\/areabadalona.com\/diario\/?p=6721"},"modified":"2024-04-03T08:16:40","modified_gmt":"2024-04-03T08:16:40","slug":"autis-el-programa-de-realitat-virtual-per-a-infants-amb-tea-rep-el-financament-del-sopar-solidari-del-rotary-club-de-badalona","status":"publish","type":"post","link":"https:\/\/areabadalona.com\/diario\/2024\/04\/03\/autis-el-programa-de-realitat-virtual-per-a-infants-amb-tea-rep-el-financament-del-sopar-solidari-del-rotary-club-de-badalona\/","title":{"rendered":"AUTIS+, el programa de realitat virtual per a infants amb TEA, rep el finan\u00e7ament del sopar solidari del Rotary Club de Badalona"},"content":{"rendered":"\n<p>AUTIS+ \u00e9s el nom del programa de Badalona Serveis Assistencials (BSA) que incorpora les TIC, especialment la realitat virtual, amb finalitat terap\u00e8utica per als infants i joves amb Trastorns de l\u2019Espectre Autista i altres trastorns associats a l\u2019a\u00efllament i la soledat, que ser\u00e0 possible gr\u00e0cies als m\u00e9s de 15.000 euros recaptats durant La nit de Paul Harris. La iniciativa va ser escollida pel Rotary Club de Badalona per rebre el finan\u00e7ament del seu sopar solidari celebrat el passat 16 de novembre a l\u2019Espai Titus de Badalona.<br>Es preveu que gaireb\u00e9 400 nens i joves dels Centres de Salut Mental Infanto Juvenil (CSMIJ) Badalona 1 i 2 es podran beneficiar progressivament d\u2019aquest programa que permet complementar l\u2019assist\u00e8ncia a trav\u00e9s de l\u2019\u00fas de la tecnologia de manera controlada i amb objectius espec\u00edfics en el seu tractament, com ara la facilitat d\u2019intervenir en entorns simulats m\u00e9s controlables que els reals; la possible personalitzaci\u00f3 de la intervenci\u00f3, gravant escenaris de la vida real del jove, entre altres. La creaci\u00f3 d\u2019escenaris de simulaci\u00f3 que ensenyin als pares, docents i persones neurot\u00edpiques, quina \u00e9s la forma en la que els infants amb TEA veuen i viuen el m\u00f3n tamb\u00e9 es una de les fites del programa.<br>L\u2019abordatge inclou entre 6-10 sessions, individuals o grupals, i fins i tot autogestionades en el domicili, de freq\u00fc\u00e8ncia setmanal. La tem\u00e0tica dependr\u00e0 dels objectius, que poden passar per ajudar a interpretar el llenguatge corporal, entrenar habilitats socials, disminuir l\u2019ansietat social, millorar l\u2019aprenentatge de normes socials, tolerar l\u2019espera i la frustraci\u00f3, exposici\u00f3 graduada als est\u00edmuls sensorials o ajudar a la planificaci\u00f3 i seq\u00fcenciaci\u00f3 de les tasques. El prop\u00f2sit final \u00e9s augmentar l\u2019accessibilitat al tractament, la reducci\u00f3 de l\u2019administraci\u00f3 de f\u00e0rmacs, la millora de la capacitat funcional dels nois i noies per la seva vida quotidiana i les seves relacions amb els altres, i tamb\u00e9 la millora de la satisfacci\u00f3 de les fam\u00edlies amb el tractament.L\u2019acte de lliurament s\u2019ha realitzat aquest dimarts 2 d\u2019abril, a les 12 hores, coincidint amb el Dia Mundial de la Conscienciaci\u00f3 de l\u2019Autisme. Han participat Eva Guill\u00e9n, vicepresidenta del Consell d\u2019Administraci\u00f3 de BSA i regidora de l\u2019\u00c0rea de Recursos Humans i de Contractaci\u00f3 de serveis i subministraments; el vicepresident del Rotary Club Badalona, Joaquim Azofra; la gerenta de BSA, Pilar Otermin; la cap de Salut Mental i Addiccions de BSA, Esther Lobo i el cap cl\u00ednic del Servei de Geriatria i Cures Pal\u00b7liatives, Jos\u00e9 Manuel Cancio. L\u2019acte tamb\u00e9 ha comptat amb la pres\u00e8ncia de les entitats badalonines TEA Cercas i Viu TEA.<\/p>\n","protected":false},"excerpt":{"rendered":"<p>AUTIS+ \u00e9s el nom del programa de Badalona Serveis Assistencials (BSA) que incorpora les TIC, especialment la realitat virtual, amb finalitat terap\u00e8utica per als infants i joves amb Trastorns de l\u2019Espectre Autista i altres trastorns associats a l\u2019a\u00efllament i la soledat, que ser\u00e0 possible gr\u00e0cies als m\u00e9s de 15.000 euros recaptats durant La nit de [&hellip;]<\/p>\n","protected":false},"author":2,"featured_media":6722,"comment_status":"open","ping_status":"open","sticky":false,"template":"","format":"standard","meta":{"footnotes":""},"categories":[24],"tags":[],"class_list":{"0":"post-6721","1":"post","2":"type-post","3":"status-publish","4":"format-standard","5":"has-post-thumbnail","7":"category-societat"},"_links":{"self":[{"href":"https:\/\/areabadalona.com\/diario\/wp-json\/wp\/v2\/posts\/6721","targetHints":{"allow":["GET"]}}],"collection":[{"href":"https:\/\/areabadalona.com\/diario\/wp-json\/wp\/v2\/posts"}],"about":[{"href":"https:\/\/areabadalona.com\/diario\/wp-json\/wp\/v2\/types\/post"}],"author":[{"embeddable":true,"href":"https:\/\/areabadalona.com\/diario\/wp-json\/wp\/v2\/users\/2"}],"replies":[{"embeddable":true,"href":"https:\/\/areabadalona.com\/diario\/wp-json\/wp\/v2\/comments?post=6721"}],"version-history":[{"count":1,"href":"https:\/\/areabadalona.com\/diario\/wp-json\/wp\/v2\/posts\/6721\/revisions"}],"predecessor-version":[{"id":6723,"href":"https:\/\/areabadalona.com\/diario\/wp-json\/wp\/v2\/posts\/6721\/revisions\/6723"}],"wp:featuredmedia":[{"embeddable":true,"href":"https:\/\/areabadalona.com\/diario\/wp-json\/wp\/v2\/media\/6722"}],"wp:attachment":[{"href":"https:\/\/areabadalona.com\/diario\/wp-json\/wp\/v2\/media?parent=6721"}],"wp:term":[{"taxonomy":"category","embeddable":true,"href":"https:\/\/areabadalona.com\/diario\/wp-json\/wp\/v2\/categories?post=6721"},{"taxonomy":"post_tag","embeddable":true,"href":"https:\/\/areabadalona.com\/diario\/wp-json\/wp\/v2\/tags?post=6721"}],"curies":[{"name":"wp","href":"https:\/\/api.w.org\/{rel}","templated":true}]}}