{"id":6718,"date":"2024-04-02T11:16:33","date_gmt":"2024-04-02T11:16:33","guid":{"rendered":"https:\/\/areabadalona.com\/diario\/?p=6718"},"modified":"2024-04-02T11:16:33","modified_gmt":"2024-04-02T11:16:33","slug":"abraham-mateo-encapcala-el-cartell-dels-concerts-de-les-festes-de-maig-al-passeig-maritim","status":"publish","type":"post","link":"https:\/\/areabadalona.com\/diario\/2024\/04\/02\/abraham-mateo-encapcala-el-cartell-dels-concerts-de-les-festes-de-maig-al-passeig-maritim\/","title":{"rendered":"Abraham Mateo encap\u00e7ala el cartell dels Concerts de les Festes de Maig al passeig Mar\u00edtim"},"content":{"rendered":"\n<p>El cantant, compositor, productor i actor Abraham Mateo \u00e9s el nom escollit per formar part del cartell principal dels Concerts de les Festes de Maig. L\u2019actuaci\u00f3 d\u2019una de les joves estrelles m\u00e9s destacades del panorama musical internacional tindr\u00e0 lloc a partir de les 23.30 hores del divendres 10 de maig a l\u2019escenari situat al passeig Mar\u00edtim de Badalona, a l\u2019altura de la platja del Coco.<\/p>\n\n\n\n<p>Amb nom\u00e9s 14 anys, Abraham Mateo va irrompre en el panorama musical amb el seu tema \u2018Se\u00f1orita\u2019, acompanyat d\u2019una coreografia que es va viral arreu del m\u00f3n. De fet, ja amb nom\u00e9s 10 anys havia enregistrat el seu primer \u00e0lbum. Des de llavors, aquest artista ha demostrat la seva versatilitat fusionant el pop, el reggaeton i el R&amp;B i recollint \u00e8xit rere \u00e8xit. De les seves \u00faltimes can\u00e7ons destaquen col\u00b7laboracions com \u2018Clavaito\u2019, amb l\u2019eurovisiva Chanel, \u2018Quiero decirte\u2019 amb Ana Mena, \u201cMe vuelvo loco\u201d amb la boy band CNCO i \u201cQu\u00e9 ha pasao?\u201d amb Sofia Reyes, o temes en solitari com \u2018Man\u00edaca\u2019, on versiona el llegendari \u00e8xit de Michael Sembello.<\/p>\n\n\n\n<p>Nascut a San Fernando, Cad\u00eds, l\u2019agost de 1998, Abraham Mateo no nom\u00e9s compon per a ell, sin\u00f3 que tamb\u00e9 ho fa per altres artistes com Ivy Queen, Gente de Zona, Belinda, Samo, L\u00e9rica i per al DJ i cantant nascut a Badalona, Juan Mag\u00e1n. A m\u00e9s, actualment \u00e9s <em>coach<\/em>&nbsp;del programa de televisi\u00f3 Factor X.<\/p>\n\n\n\n<p>Amb un bagatge de m\u00e9s de 120 concerts arreu del m\u00f3n, la programaci\u00f3 de l\u2019Abraham Mateo fa preveure que els assistents al concert de Badalona podran gaudir d\u2019una nit amb molts ingredients per a ser m\u00e0gica. Ser\u00e0 tamb\u00e9 una oportunitat per escoltar el seu darrer \u00e0lbum anomenat \u2018Insomnio\u2019 que llan\u00e7a al mercat aquest mes d\u2019abril.<\/p>\n\n\n\n<p>L\u2019alcalde de Badalona, Xavier Garcia Albiol, ha manifestat que \u201cl\u2019Ajuntament&nbsp; porta mesos treballant intensament per oferir als ve\u00efns de Badalona unes festes que destaquin per incloure propostes originals i una programaci\u00f3 de gran nivell, amb figures internacionals del panorama musical, com \u00e9s el cas d\u2019Abraham Mateo\u201d.<\/p>\n","protected":false},"excerpt":{"rendered":"<p>El cantant, compositor, productor i actor Abraham Mateo \u00e9s el nom escollit per formar part del cartell principal dels Concerts de les Festes de Maig. L\u2019actuaci\u00f3 d\u2019una de les joves estrelles m\u00e9s destacades del panorama musical internacional tindr\u00e0 lloc a partir de les 23.30 hores del divendres 10 de maig a l\u2019escenari situat al passeig [&hellip;]<\/p>\n","protected":false},"author":2,"featured_media":6719,"comment_status":"open","ping_status":"open","sticky":false,"template":"","format":"standard","meta":{"footnotes":""},"categories":[25],"tags":[],"class_list":{"0":"post-6718","1":"post","2":"type-post","3":"status-publish","4":"format-standard","5":"has-post-thumbnail","7":"category-cultura"},"_links":{"self":[{"href":"https:\/\/areabadalona.com\/diario\/wp-json\/wp\/v2\/posts\/6718","targetHints":{"allow":["GET"]}}],"collection":[{"href":"https:\/\/areabadalona.com\/diario\/wp-json\/wp\/v2\/posts"}],"about":[{"href":"https:\/\/areabadalona.com\/diario\/wp-json\/wp\/v2\/types\/post"}],"author":[{"embeddable":true,"href":"https:\/\/areabadalona.com\/diario\/wp-json\/wp\/v2\/users\/2"}],"replies":[{"embeddable":true,"href":"https:\/\/areabadalona.com\/diario\/wp-json\/wp\/v2\/comments?post=6718"}],"version-history":[{"count":1,"href":"https:\/\/areabadalona.com\/diario\/wp-json\/wp\/v2\/posts\/6718\/revisions"}],"predecessor-version":[{"id":6720,"href":"https:\/\/areabadalona.com\/diario\/wp-json\/wp\/v2\/posts\/6718\/revisions\/6720"}],"wp:featuredmedia":[{"embeddable":true,"href":"https:\/\/areabadalona.com\/diario\/wp-json\/wp\/v2\/media\/6719"}],"wp:attachment":[{"href":"https:\/\/areabadalona.com\/diario\/wp-json\/wp\/v2\/media?parent=6718"}],"wp:term":[{"taxonomy":"category","embeddable":true,"href":"https:\/\/areabadalona.com\/diario\/wp-json\/wp\/v2\/categories?post=6718"},{"taxonomy":"post_tag","embeddable":true,"href":"https:\/\/areabadalona.com\/diario\/wp-json\/wp\/v2\/tags?post=6718"}],"curies":[{"name":"wp","href":"https:\/\/api.w.org\/{rel}","templated":true}]}}