{"id":6715,"date":"2024-03-28T12:37:21","date_gmt":"2024-03-28T12:37:21","guid":{"rendered":"https:\/\/areabadalona.com\/diario\/?p=6715"},"modified":"2024-03-28T12:37:21","modified_gmt":"2024-03-28T12:37:21","slug":"badalona-commemora-el-dia-mundial-de-la-conscienciacio-de-lautisme-amb-actes-durant-tota-la-setmana-vinent","status":"publish","type":"post","link":"https:\/\/areabadalona.com\/diario\/2024\/03\/28\/badalona-commemora-el-dia-mundial-de-la-conscienciacio-de-lautisme-amb-actes-durant-tota-la-setmana-vinent\/","title":{"rendered":"Badalona commemora el Dia Mundial de la conscienciaci\u00f3 de l\u2019autisme amb actes durant tota la setmana vinent"},"content":{"rendered":"\n<p>L\u2019\u00c0rea de Diversitat Funcional de l\u2019\u00c0juntament de Badalona, en transversalitat amb les \u00e0rees de Salut P\u00fablica, Cultura, i Comer\u00e7, Mercats i Consum de l\u2019Ajuntament de Badalona i juntament amb l\u2019associaci\u00f3 ViuTEA (Associaci\u00f3 per a la Inclusi\u00f3 de les Persones dins de l\u2019Espectre Autista), han preparat diversos actes, els dies 2, 5 i 7 d\u2019abril, per commemorar el Dia Mundial de Conscienciaci\u00f3 de l\u2019Autisme.<\/p>\n\n\n\n<p><strong>2 d\u2019abril Dia Mundial de Conscienciaci\u00f3 de l\u2019Autisme<\/strong><\/p>\n\n\n\n<p>El dimarts 2 d\u2019abril \u00e9s la data assenyalada per l&#8217;Organitzaci\u00f3 de les Nacions Unides (ONU) des de l&#8217;any 2008, com a Dia Mundial de Conscienciaci\u00f3 de l\u2019Autisme per realitzar accions de sensibilitzaci\u00f3 i foment de la inclusi\u00f3 social de les persones afectades per trastorns de l&#8217;espectre autista (TEA), per tal que puguin gaudir d&#8217;una vida plena i gratificant.<\/p>\n\n\n\n<p>Durant tot el dia 2 d\u2019abril, una pancarta penjada del balc\u00f3 de l\u2019Ajuntament recordar\u00e0 que \u00e9s el Dia mundial de conscienciaci\u00f3 de l\u2019autisme. Durant la tarda, entre les 16.30 i les 18.30 hores, a la porta principal de l\u2019Escola Jungfrau (C\/ Vila Vall-Llebrera, s\/n) al barri de Coll i Pujol, es faran diverses activitats de manualitats i jocs inclusius. Ambues activitats les organitza ViuTEA amb la col\u00b7laboraci\u00f3 de l\u2019Ajuntament.<\/p>\n\n\n\n<p>D\u2019altra banda, el divendres 5 d\u2019abril, de 17 a 19 hores, el Mercat Municipal de Llefi\u00e0 acollir\u00e0 activitats dirigides als nens i nenes amb autisme. Es tracta d\u2019una iniciativa anomenada El mercat, un esplai inclusiu, organitzada per l\u2019Ajuntament en col\u00b7laboraci\u00f3 amb els Mercats Municipals de Badalona i que preveu la participaci\u00f3 activa d\u2019infants amb autisme en diversos tallers de manualitats amb fruites i verdures, i altres accions complement\u00e0ries adaptades per aquests infants, com ara jocs de pintura. El fil conductor de les activitats \u00e9s l\u2019alimentaci\u00f3 saludable, amb les fruites com a principals protagonistes. Tampoc no hi faltar\u00e0 un tast de peces de fruita per a tots els participants, aix\u00ed com xerrades relacionades amb l\u2019alimentaci\u00f3 i treballs per a la millora de l\u2019autonomia d\u2019aquests infants.<\/p>\n\n\n\n<p>Per \u00faltim, el diumenge 7 d\u2019abril, de 10 a 14 hores a la Pla\u00e7a de la Vila, l\u2019associaci\u00f3 ViuTEA realitzar\u00e0 activitats de manualitats, jocs inclusius, i lectura d\u2019un manifest, per finalitzar amb una batucada pel carrer de Mar.<\/p>\n\n\n\n<p>Els TEA s\u00f3n alteracions del neurodesenvolupament que es caracteritzen per una afectaci\u00f3 en la capacitat de comunicaci\u00f3 i interacci\u00f3 social, la pres\u00e8ncia d\u2019un patr\u00f3 de conductes repetitives, rigidesa de pensament i una desregulaci\u00f3 de la manera com processen la informaci\u00f3 que capten amb els sentits. Actualment, els TEA inclouen els diagn\u00f2stics anteriors d\u2019autisme, el trastorn generalitzat del desenvolupament no especificat, i la s\u00edndrome d\u2019Asperger.<\/p>\n","protected":false},"excerpt":{"rendered":"<p>L\u2019\u00c0rea de Diversitat Funcional de l\u2019\u00c0juntament de Badalona, en transversalitat amb les \u00e0rees de Salut P\u00fablica, Cultura, i Comer\u00e7, Mercats i Consum de l\u2019Ajuntament de Badalona i juntament amb l\u2019associaci\u00f3 ViuTEA (Associaci\u00f3 per a la Inclusi\u00f3 de les Persones dins de l\u2019Espectre Autista), han preparat diversos actes, els dies 2, 5 i 7 d\u2019abril, per [&hellip;]<\/p>\n","protected":false},"author":2,"featured_media":6716,"comment_status":"open","ping_status":"open","sticky":false,"template":"","format":"standard","meta":{"footnotes":""},"categories":[23],"tags":[],"class_list":{"0":"post-6715","1":"post","2":"type-post","3":"status-publish","4":"format-standard","5":"has-post-thumbnail","7":"category-actualitat"},"_links":{"self":[{"href":"https:\/\/areabadalona.com\/diario\/wp-json\/wp\/v2\/posts\/6715","targetHints":{"allow":["GET"]}}],"collection":[{"href":"https:\/\/areabadalona.com\/diario\/wp-json\/wp\/v2\/posts"}],"about":[{"href":"https:\/\/areabadalona.com\/diario\/wp-json\/wp\/v2\/types\/post"}],"author":[{"embeddable":true,"href":"https:\/\/areabadalona.com\/diario\/wp-json\/wp\/v2\/users\/2"}],"replies":[{"embeddable":true,"href":"https:\/\/areabadalona.com\/diario\/wp-json\/wp\/v2\/comments?post=6715"}],"version-history":[{"count":1,"href":"https:\/\/areabadalona.com\/diario\/wp-json\/wp\/v2\/posts\/6715\/revisions"}],"predecessor-version":[{"id":6717,"href":"https:\/\/areabadalona.com\/diario\/wp-json\/wp\/v2\/posts\/6715\/revisions\/6717"}],"wp:featuredmedia":[{"embeddable":true,"href":"https:\/\/areabadalona.com\/diario\/wp-json\/wp\/v2\/media\/6716"}],"wp:attachment":[{"href":"https:\/\/areabadalona.com\/diario\/wp-json\/wp\/v2\/media?parent=6715"}],"wp:term":[{"taxonomy":"category","embeddable":true,"href":"https:\/\/areabadalona.com\/diario\/wp-json\/wp\/v2\/categories?post=6715"},{"taxonomy":"post_tag","embeddable":true,"href":"https:\/\/areabadalona.com\/diario\/wp-json\/wp\/v2\/tags?post=6715"}],"curies":[{"name":"wp","href":"https:\/\/api.w.org\/{rel}","templated":true}]}}