{"id":6708,"date":"2024-03-26T09:55:24","date_gmt":"2024-03-26T09:55:24","guid":{"rendered":"https:\/\/areabadalona.com\/diario\/?p=6708"},"modified":"2024-03-27T10:23:37","modified_gmt":"2024-03-27T10:23:37","slug":"area-badalona-122-marc-2024","status":"publish","type":"post","link":"https:\/\/areabadalona.com\/diario\/2024\/03\/26\/area-badalona-122-marc-2024\/","title":{"rendered":"\u00c0rea Badalona 122 Mar\u00e7 2024"},"content":{"rendered":"\n<p>Al n\u00famero 122 del mes de mar\u00e7 de l&#8217;\u00c0rea Badalona parlem de les obres que comencen la segona quinzena d&#8217;abril al viaducte del canal del Gorg per construir el pont del ferrocarril entre els carrers de Tortosa i Ponent. Tamb\u00e9 destaquem la Venus de Badalona que va lliurar el consistori a l&#8217;Hospital Germans Trias i Pujol pel seu 40\u00e8 aniversari, aix\u00ed com la tercera edici\u00f3 de la Cursa Popular Mossos d&#8217;Esquada de Badalona \u00abLa lucha de Abril\u00bb i el dimoni escollit per cremar la Nit de Sant Anastasi a les Festes de Maig 2024.<\/p>\n\n\n<a href=\"https:\/\/areabadalona.com\/diario\/wp-content\/uploads\/2024\/03\/AREABADALONA0122.pdf\" class=\"pdfemb-viewer\" style=\"\" data-width=\"max\" data-height=\"max\" data-toolbar=\"bottom\" data-toolbar-fixed=\"off\">AREABADALONA0122<\/a>\n<p class=\"wp-block-pdfemb-pdf-embedder-viewer\"><\/p>\n\n\n\n<p> <\/p>\n","protected":false},"excerpt":{"rendered":"<p>Al n\u00famero 122 del mes de mar\u00e7 de l&#8217;\u00c0rea Badalona parlem de les obres que comencen la segona quinzena d&#8217;abril al viaducte del canal del Gorg per construir el pont del ferrocarril entre els carrers de Tortosa i Ponent. Tamb\u00e9 destaquem la Venus de Badalona que va lliurar el consistori a l&#8217;Hospital Germans Trias i [&hellip;]<\/p>\n","protected":false},"author":2,"featured_media":6710,"comment_status":"open","ping_status":"open","sticky":false,"template":"","format":"standard","meta":{"footnotes":""},"categories":[30],"tags":[],"class_list":{"0":"post-6708","1":"post","2":"type-post","3":"status-publish","4":"format-standard","5":"has-post-thumbnail","7":"category-edicio-impresa"},"_links":{"self":[{"href":"https:\/\/areabadalona.com\/diario\/wp-json\/wp\/v2\/posts\/6708","targetHints":{"allow":["GET"]}}],"collection":[{"href":"https:\/\/areabadalona.com\/diario\/wp-json\/wp\/v2\/posts"}],"about":[{"href":"https:\/\/areabadalona.com\/diario\/wp-json\/wp\/v2\/types\/post"}],"author":[{"embeddable":true,"href":"https:\/\/areabadalona.com\/diario\/wp-json\/wp\/v2\/users\/2"}],"replies":[{"embeddable":true,"href":"https:\/\/areabadalona.com\/diario\/wp-json\/wp\/v2\/comments?post=6708"}],"version-history":[{"count":1,"href":"https:\/\/areabadalona.com\/diario\/wp-json\/wp\/v2\/posts\/6708\/revisions"}],"predecessor-version":[{"id":6711,"href":"https:\/\/areabadalona.com\/diario\/wp-json\/wp\/v2\/posts\/6708\/revisions\/6711"}],"wp:featuredmedia":[{"embeddable":true,"href":"https:\/\/areabadalona.com\/diario\/wp-json\/wp\/v2\/media\/6710"}],"wp:attachment":[{"href":"https:\/\/areabadalona.com\/diario\/wp-json\/wp\/v2\/media?parent=6708"}],"wp:term":[{"taxonomy":"category","embeddable":true,"href":"https:\/\/areabadalona.com\/diario\/wp-json\/wp\/v2\/categories?post=6708"},{"taxonomy":"post_tag","embeddable":true,"href":"https:\/\/areabadalona.com\/diario\/wp-json\/wp\/v2\/tags?post=6708"}],"curies":[{"name":"wp","href":"https:\/\/api.w.org\/{rel}","templated":true}]}}