{"id":6704,"date":"2024-03-27T09:23:47","date_gmt":"2024-03-27T09:23:47","guid":{"rendered":"https:\/\/areabadalona.com\/diario\/?p=6704"},"modified":"2024-03-27T09:23:47","modified_gmt":"2024-03-27T09:23:47","slug":"lajuntament-organitza-per-primera-vegada-la-gala-de-primavera-un-ball-per-a-la-gent-gran-de-badalona","status":"publish","type":"post","link":"https:\/\/areabadalona.com\/diario\/2024\/03\/27\/lajuntament-organitza-per-primera-vegada-la-gala-de-primavera-un-ball-per-a-la-gent-gran-de-badalona\/","title":{"rendered":"L\u2019Ajuntament organitza per primera vegada la Gala de Primavera, un ball per a la gent gran de Badalona"},"content":{"rendered":"\n<p>El proper <strong>dilluns 22 d\u2019abril, a partir de les 16 hores, el Palau Municipal d\u2019Esports de Badalona<\/strong>&nbsp;(carrer de Ponent, 143) acollir\u00e0 la primera Gala de Primavera \u2013 Ball per a la gent gran de Badalona. Aquest nou esdeveniment \u00e9s una cita organitzada per l\u2019\u00c0rea de Gent Gran de l\u2019Ajuntament de Badalona, amb l\u2019objectiu de proporcionar una jornada festiva especial a la gent gran de la ciutat.<\/p>\n\n\n\n<p>Des de l\u2019\u00c0rea de Gent Gran de l\u2019Ajuntament s\u2019ha dissenyat aquest acte la vig\u00edlia de la festivitat de Sant Jordi. L\u2019acte consistir\u00e0 en un ball, amb m\u00fasica en directe, i un petit berenar. Al finalitzar el programa s\u2019obsequiar\u00e0 a tots&nbsp; els participants amb una rosa vermella.<\/p>\n\n\n\n<p>L\u2019objectiu d\u2019aquesta Gala de Primavera \u00e9s promoure la participaci\u00f3 de les persones grans facilitant un espai de trobada on treballar el benestar f\u00edsic i emocional a trav\u00e9s d\u2019una activitat relacional i de moviment.<\/p>\n\n\n\n<p>L\u2019acte comptar\u00e0 amb la pres\u00e8ncia de l\u2019alcalde de Badalona, Xavier Garcia Albiol; de la segona tinenta d\u2019alcaldia i regidora de l\u2019\u00c0mbit d\u2019Impuls Econ\u00f2mic i de Ciutat, Treball, Cultura, Ciutadania i Govern, Cristina Ag\u00fcera; de la regidora de l&#8217;\u00c0rea de Gent Gran, Feminismes i LGTBIQ+ i Diversitat Funcional, Flor\u00e8ncia Badia i la regidora adjunta a l\u2019\u00c0rea, Sheila Mart\u00ednez.<\/p>\n\n\n\n<p>L\u2019alcalde de Badalona, Xavier Garcia Albiol, ha destacat que: \u201caquesta gala \u00e9s un acte que hem dissenyat perqu\u00e8 sigui una ocasi\u00f3 especial per a la gent gran de Badalona. M\u00e9s enll\u00e0 del fet que sigui un ball i que els faci sortir de casa a passar-ho b\u00e9, volem que aquest ball sigui tamb\u00e9 un esdeveniment que esperin amb il\u00b7lusi\u00f3\u201d.<\/p>\n\n\n\n<p>Les persones interessades poden recollir la seva invitaci\u00f3 fins dilluns 15 d\u2019abril, de 9 a 13 hores, a la taula 5 de les depend\u00e8ncies municipals ubicades a l\u2019edifici El Viver (pla\u00e7a de l\u2019Assemblea de Catalunya, 9-12).<\/p>\n\n\n\n<p>Per a m\u00e9s informaci\u00f3 podeu trucar al tel\u00e8fon del Departament de Gent Gran: 93 483 29 71.<\/p>\n","protected":false},"excerpt":{"rendered":"<p>El proper dilluns 22 d\u2019abril, a partir de les 16 hores, el Palau Municipal d\u2019Esports de Badalona&nbsp;(carrer de Ponent, 143) acollir\u00e0 la primera Gala de Primavera \u2013 Ball per a la gent gran de Badalona. Aquest nou esdeveniment \u00e9s una cita organitzada per l\u2019\u00c0rea de Gent Gran de l\u2019Ajuntament de Badalona, amb l\u2019objectiu de proporcionar [&hellip;]<\/p>\n","protected":false},"author":2,"featured_media":6705,"comment_status":"open","ping_status":"open","sticky":false,"template":"","format":"standard","meta":{"footnotes":""},"categories":[24],"tags":[],"class_list":{"0":"post-6704","1":"post","2":"type-post","3":"status-publish","4":"format-standard","5":"has-post-thumbnail","7":"category-societat"},"_links":{"self":[{"href":"https:\/\/areabadalona.com\/diario\/wp-json\/wp\/v2\/posts\/6704","targetHints":{"allow":["GET"]}}],"collection":[{"href":"https:\/\/areabadalona.com\/diario\/wp-json\/wp\/v2\/posts"}],"about":[{"href":"https:\/\/areabadalona.com\/diario\/wp-json\/wp\/v2\/types\/post"}],"author":[{"embeddable":true,"href":"https:\/\/areabadalona.com\/diario\/wp-json\/wp\/v2\/users\/2"}],"replies":[{"embeddable":true,"href":"https:\/\/areabadalona.com\/diario\/wp-json\/wp\/v2\/comments?post=6704"}],"version-history":[{"count":1,"href":"https:\/\/areabadalona.com\/diario\/wp-json\/wp\/v2\/posts\/6704\/revisions"}],"predecessor-version":[{"id":6706,"href":"https:\/\/areabadalona.com\/diario\/wp-json\/wp\/v2\/posts\/6704\/revisions\/6706"}],"wp:featuredmedia":[{"embeddable":true,"href":"https:\/\/areabadalona.com\/diario\/wp-json\/wp\/v2\/media\/6705"}],"wp:attachment":[{"href":"https:\/\/areabadalona.com\/diario\/wp-json\/wp\/v2\/media?parent=6704"}],"wp:term":[{"taxonomy":"category","embeddable":true,"href":"https:\/\/areabadalona.com\/diario\/wp-json\/wp\/v2\/categories?post=6704"},{"taxonomy":"post_tag","embeddable":true,"href":"https:\/\/areabadalona.com\/diario\/wp-json\/wp\/v2\/tags?post=6704"}],"curies":[{"name":"wp","href":"https:\/\/api.w.org\/{rel}","templated":true}]}}