{"id":6699,"date":"2024-03-26T10:48:59","date_gmt":"2024-03-26T10:48:59","guid":{"rendered":"https:\/\/areabadalona.com\/diario\/?p=6699"},"modified":"2024-03-26T10:48:59","modified_gmt":"2024-03-26T10:48:59","slug":"badalona-participa-en-la-10a-edicio-de-la-campanya-de-donacio-de-sang-impulsada-per-bombers-i-el-banc-de-sang","status":"publish","type":"post","link":"https:\/\/areabadalona.com\/diario\/2024\/03\/26\/badalona-participa-en-la-10a-edicio-de-la-campanya-de-donacio-de-sang-impulsada-per-bombers-i-el-banc-de-sang\/","title":{"rendered":"Badalona participa en la 10a edici\u00f3 de la campanya de donaci\u00f3 de sang impulsada per Bombers i el Banc de Sang"},"content":{"rendered":"\n<p>Durant aquest mes de mar\u00e7 t\u00e9 lloc la 10a edici\u00f3 de la campanya \u201cEls bombers i les bomberes t\u2019acompanyen a donar sang\u201d que suma esfor\u00e7os entre el col\u00b7lectiu de Bombers de la Generalitat i el Banc de Sang i Teixits per aconseguir donacions de sang durant els mesos de mar\u00e7 i abril. Badalona \u00e9s una de les ciutats que participa en la campanya que es porta a terme arreu de Catalunya amb la participaci\u00f3 d\u2019una trentena de municipis. El diumenge 31 de mar\u00e7, en horari de 9 a 14 hores, es podr\u00e0 donar sang en una unitat m\u00f2bil que es situar\u00e0 a l\u2019avinguda del Marqu\u00e8s de Mont-roig, 12, cantonada amb el carrer de Pi i Margall, al barri del Gorg.<\/p>\n\n\n\n<p>Les donacions d\u2019aquests dies permetran remuntar les reserves de sang abans i despr\u00e9s dels festius de Setmana Santa, una \u00e8poca durant la qual acostumen a baixar al voltant del 25%.<\/p>\n\n\n\n<p>Cal tenir en compte que les plaquetes, un dels elements que s\u2019extreu de cada donaci\u00f3 de sang, caduquen al cap de 5 dies i que els gl\u00f2buls vermells als 42. Per aix\u00f2, \u00e9s important mantenir les donacions al llarg de tot l\u2019any i aconseguir unes 1.000 donacions cada dia.<\/p>\n\n\n\n<p>Aquesta \u00e9s una de les campanyes de donaci\u00f3 de sang amb m\u00e9s ambient festiu i \u00e9s que, depenent de la disponibilitat i de les necessitats operatives, la donaci\u00f3 de sang estar\u00e0 acompanyada d\u2019exhibici\u00f3 de vehicles, activitats per als m\u00e9s menuts on poden dibuixar, fer-se fotos amb vestits de bombers a mida, etc.<\/p>\n\n\n\n<p>Al web <a href=\"http:\/\/www.donarsang.gencat.cat\/bombers\">donarsang.gencat.cat\/bombers<\/a> es poden trobar totes les campanyes implicades en la iniciativa i reservar citat per a la donaci\u00f3.<\/p>\n","protected":false},"excerpt":{"rendered":"<p>Durant aquest mes de mar\u00e7 t\u00e9 lloc la 10a edici\u00f3 de la campanya \u201cEls bombers i les bomberes t\u2019acompanyen a donar sang\u201d que suma esfor\u00e7os entre el col\u00b7lectiu de Bombers de la Generalitat i el Banc de Sang i Teixits per aconseguir donacions de sang durant els mesos de mar\u00e7 i abril. Badalona \u00e9s una [&hellip;]<\/p>\n","protected":false},"author":2,"featured_media":6700,"comment_status":"open","ping_status":"open","sticky":false,"template":"","format":"standard","meta":{"footnotes":""},"categories":[23],"tags":[],"class_list":{"0":"post-6699","1":"post","2":"type-post","3":"status-publish","4":"format-standard","5":"has-post-thumbnail","7":"category-actualitat"},"_links":{"self":[{"href":"https:\/\/areabadalona.com\/diario\/wp-json\/wp\/v2\/posts\/6699","targetHints":{"allow":["GET"]}}],"collection":[{"href":"https:\/\/areabadalona.com\/diario\/wp-json\/wp\/v2\/posts"}],"about":[{"href":"https:\/\/areabadalona.com\/diario\/wp-json\/wp\/v2\/types\/post"}],"author":[{"embeddable":true,"href":"https:\/\/areabadalona.com\/diario\/wp-json\/wp\/v2\/users\/2"}],"replies":[{"embeddable":true,"href":"https:\/\/areabadalona.com\/diario\/wp-json\/wp\/v2\/comments?post=6699"}],"version-history":[{"count":1,"href":"https:\/\/areabadalona.com\/diario\/wp-json\/wp\/v2\/posts\/6699\/revisions"}],"predecessor-version":[{"id":6701,"href":"https:\/\/areabadalona.com\/diario\/wp-json\/wp\/v2\/posts\/6699\/revisions\/6701"}],"wp:featuredmedia":[{"embeddable":true,"href":"https:\/\/areabadalona.com\/diario\/wp-json\/wp\/v2\/media\/6700"}],"wp:attachment":[{"href":"https:\/\/areabadalona.com\/diario\/wp-json\/wp\/v2\/media?parent=6699"}],"wp:term":[{"taxonomy":"category","embeddable":true,"href":"https:\/\/areabadalona.com\/diario\/wp-json\/wp\/v2\/categories?post=6699"},{"taxonomy":"post_tag","embeddable":true,"href":"https:\/\/areabadalona.com\/diario\/wp-json\/wp\/v2\/tags?post=6699"}],"curies":[{"name":"wp","href":"https:\/\/api.w.org\/{rel}","templated":true}]}}