{"id":6696,"date":"2024-03-25T12:08:08","date_gmt":"2024-03-25T12:08:08","guid":{"rendered":"https:\/\/areabadalona.com\/diario\/?p=6696"},"modified":"2024-03-25T12:08:09","modified_gmt":"2024-03-25T12:08:09","slug":"badalona-acull-durant-el-mes-dabril-les-sessions-informatives-adrecades-a-persones-dedat-avancada-cami-de-salut","status":"publish","type":"post","link":"https:\/\/areabadalona.com\/diario\/2024\/03\/25\/badalona-acull-durant-el-mes-dabril-les-sessions-informatives-adrecades-a-persones-dedat-avancada-cami-de-salut\/","title":{"rendered":"Badalona acull durant el mes d\u2019abril les sessions informatives adre\u00e7ades a persones d\u2019edat avan\u00e7ada \u201cCam\u00ed de Salut\u201d"},"content":{"rendered":"\n<p>Badalona acollir\u00e0 durant el mes d\u2019abril el cicle de sessions informatives \u201cCam\u00ed de Salut\u201d, un conjunt d\u2019activitats adre\u00e7ades a persones d\u2019edat avan\u00e7ada que organitza l\u2019Ajuntament de Badalona juntament amb l\u2019Institut Catal\u00e0 de la Salut (ICS), Badalona Serveis Assistencials (BSA) i el Grup la Teranyina (format per diferents serveis i entitats que treballen amb i per a la gent gran).<\/p>\n\n\n\n<p>L&#8217;objectiu del cicle \u00e9s promoure la salut en entorns comunitaris proporcionant informaci\u00f3 vera\u00e7 i actualitzada que sigui d&#8217;aplicabilitat a la vida di\u00e0ria de les persones, perqu\u00e8 aquestes puguin incorporar-la i adoptar estils de vida que les portin a envellir de forma saludable.<\/p>\n\n\n\n<p>Les activitats seran impartides per professionals de BSA i de l\u2019Atenci\u00f3 Prim\u00e0ria Metropolitana Nord de l\u2019ICS. Aquestes activitats s\u2019agrupen en tres cicles de tres sessions cadascun, que es faran a tres barris de la ciutat,<\/p>\n\n\n\n<p>&#8211; <strong>Cicle La Salut<\/strong>: els dies 2, 9 i 16 d\u2019abril de 16.30 a 18 hores al Centre C\u00edvic La Salut (av. Marqu\u00e8s de Sant Mori, 180)<\/p>\n\n\n\n<ul class=\"wp-block-list\">\n<li>2 d\u2019abril: \u201cMenjar saludable ens ajuda a trobar-nos millor\u201d<\/li>\n\n\n\n<li>9 d\u2019abril: \u201cA quins suport i prestacions de serveis socials tenim dret quan som grans?\u201d.<\/li>\n\n\n\n<li>16 d\u2019abril: \u201cExercici terap\u00e8utic per millorar la qualitat de vida\u201d<\/li>\n<\/ul>\n\n\n\n<p><strong>&#8211; Cicle Arn\u00fas<\/strong>:els dies 4, 11 i 18 d\u2019abril de 16.30 a 18 hores al Centre Municipal Espais (c. Arn\u00fas, 66)<\/p>\n\n\n\n<ul class=\"wp-block-list\">\n<li>4 d\u2019abril: \u201cMenjar saludable ens ajuda a trobar-nos millor\u201d<\/li>\n\n\n\n<li>11 d\u2019abril: \u201cA quins suport i prestacions de serveis socials tenim dret quan som grans?\u201d.<\/li>\n\n\n\n<li>18 d\u2019abril: \u201cExercici terap\u00e8utic per millorar la qualitat de vida\u201d<\/li>\n<\/ul>\n\n\n\n<p><strong>&#8211; Cicle Pomar:<\/strong>&nbsp;els dies 2, 9 i 16 d\u2019abril de 16.30 a 18 hores al Centre C\u00edvic Comunitari de Pomar (av. Terrassa, s\/n)<\/p>\n\n\n\n<ul class=\"wp-block-list\">\n<li>2 d\u2019abril: \u201cMenjar saludable ens ajuda a trobar-nos millor\u201d<\/li>\n\n\n\n<li>9 d\u2019abril: \u201cA quins suport i prestacions de serveis socials tenim dret quan som grans?\u201d.<\/li>\n\n\n\n<li>16 d\u2019abril: \u201cExercici terap\u00e8utic per millorar la qualitat de vida\u201d.<\/li>\n<\/ul>\n\n\n\n<p>Per inscriure\u2019s-hi cal enviar un correu electr\u00f2nic a l\u2019adre\u00e7a lateranyinabadalona@gmail.com o un WhatsApp al tel\u00e8fon 663 421 809.<\/p>\n","protected":false},"excerpt":{"rendered":"<p>Badalona acollir\u00e0 durant el mes d\u2019abril el cicle de sessions informatives \u201cCam\u00ed de Salut\u201d, un conjunt d\u2019activitats adre\u00e7ades a persones d\u2019edat avan\u00e7ada que organitza l\u2019Ajuntament de Badalona juntament amb l\u2019Institut Catal\u00e0 de la Salut (ICS), Badalona Serveis Assistencials (BSA) i el Grup la Teranyina (format per diferents serveis i entitats que treballen amb i per [&hellip;]<\/p>\n","protected":false},"author":2,"featured_media":6697,"comment_status":"open","ping_status":"open","sticky":false,"template":"","format":"standard","meta":{"footnotes":""},"categories":[23],"tags":[],"class_list":{"0":"post-6696","1":"post","2":"type-post","3":"status-publish","4":"format-standard","5":"has-post-thumbnail","7":"category-actualitat"},"_links":{"self":[{"href":"https:\/\/areabadalona.com\/diario\/wp-json\/wp\/v2\/posts\/6696","targetHints":{"allow":["GET"]}}],"collection":[{"href":"https:\/\/areabadalona.com\/diario\/wp-json\/wp\/v2\/posts"}],"about":[{"href":"https:\/\/areabadalona.com\/diario\/wp-json\/wp\/v2\/types\/post"}],"author":[{"embeddable":true,"href":"https:\/\/areabadalona.com\/diario\/wp-json\/wp\/v2\/users\/2"}],"replies":[{"embeddable":true,"href":"https:\/\/areabadalona.com\/diario\/wp-json\/wp\/v2\/comments?post=6696"}],"version-history":[{"count":1,"href":"https:\/\/areabadalona.com\/diario\/wp-json\/wp\/v2\/posts\/6696\/revisions"}],"predecessor-version":[{"id":6698,"href":"https:\/\/areabadalona.com\/diario\/wp-json\/wp\/v2\/posts\/6696\/revisions\/6698"}],"wp:featuredmedia":[{"embeddable":true,"href":"https:\/\/areabadalona.com\/diario\/wp-json\/wp\/v2\/media\/6697"}],"wp:attachment":[{"href":"https:\/\/areabadalona.com\/diario\/wp-json\/wp\/v2\/media?parent=6696"}],"wp:term":[{"taxonomy":"category","embeddable":true,"href":"https:\/\/areabadalona.com\/diario\/wp-json\/wp\/v2\/categories?post=6696"},{"taxonomy":"post_tag","embeddable":true,"href":"https:\/\/areabadalona.com\/diario\/wp-json\/wp\/v2\/tags?post=6696"}],"curies":[{"name":"wp","href":"https:\/\/api.w.org\/{rel}","templated":true}]}}