{"id":6690,"date":"2024-03-25T09:41:44","date_gmt":"2024-03-25T09:41:44","guid":{"rendered":"https:\/\/areabadalona.com\/diario\/?p=6690"},"modified":"2024-03-25T09:41:44","modified_gmt":"2024-03-25T09:41:44","slug":"badalona-sera-lescenari-el-diumenge-14-dabril-de-la-iii-cursa-popular-mossos-desquadra-badalona-per-laluchadeabril","status":"publish","type":"post","link":"https:\/\/areabadalona.com\/diario\/2024\/03\/25\/badalona-sera-lescenari-el-diumenge-14-dabril-de-la-iii-cursa-popular-mossos-desquadra-badalona-per-laluchadeabril\/","title":{"rendered":"Badalona ser\u00e0 l\u2019escenari el diumenge 14 d\u2019abril de la III Cursa Popular Mossos d\u2019Esquadra Badalona per @laluchadeabril"},"content":{"rendered":"\n<p>El pr\u00f2xim diumenge 14 d\u2019abril, Badalona acollir\u00e0 la III Cursa&nbsp; Popular &#8211; Mossos d\u2019Esquadra per @laluchadeabril, un esdeveniment ben\u00e8fic per recaptar fons per a la investigaci\u00f3 m\u00e8dica. L\u2019esdeveniment comptar\u00e0 amb curses de 5 i 10 quil\u00f2metres, una caminada popular i diverses curses infantils. Les proves comen\u00e7aran a partir de les 9.30 hores, a la pla\u00e7a del President Tarradellas, davant del Palau Municipal d\u2019Esports.<\/p>\n\n\n\n<p>L\u2019esdeveniment t\u00e9 un car\u00e0cter \u00edntegrament solidari, ja que tots els beneficis aniran destinats a l\u2019Institut de Neuroci\u00e8ncies de la Universitat Aut\u00f2noma de Barcelona (INc-UAB). Els diners recaptats es dedicaran a la investigaci\u00f3 de la malaltia que pateix l\u2019Abril, una nena badalonina afectada per una dol\u00e8ncia degenerativa ultra estranya anomenada paraplegia esp\u00e0stica (SPG52), de la qual nom\u00e9s hi ha 50 casos diagnosticats a tot el m\u00f3n.&nbsp;<\/p>\n\n\n\n<p>El preu de la inscripci\u00f3 \u00e9s a partir de 10 euros amb xip groc en propietat per als adults i de 6 euros per als nens. La compra de la samarreta solid\u00e0ria de la cursa ser\u00e0 opcional a escollir en el moment de la inscripci\u00f3 per un preu de 7 euros. Tamb\u00e9 s\u2019ha habilitat un dorsal solidari per a aquelles persones que vulguin aportar \u00edntegrament els diners a la causa.<\/p>\n\n\n\n<p>Les inscripcions es poden fer a trav\u00e9s del web de <a href=\"https:\/\/bsevents.cat\/curses\/cursamossosbdn\">BS Events<\/a>&nbsp;i presencialment a Muro Motoservei \u2013 Concessionari Oficial Yamaha a Badalona (carrer de Llefi\u00e0, 63). La recollida de dorsals, samarretes i la bossa del corredor es podr\u00e0 fer al Centre Comercial M\u00e0gic els dies 12 d&#8217;abril (de 16 a 20 hores) i 13 d&#8217;abril (d\u201911 a 20 hores). Aquests objectes no es podran recollir en cap cas el mateix dia de la cursa.<\/p>\n\n\n\n<p>La tercera edici\u00f3 de la Cursa Popular Mossos d\u2019Esquadra Badalona per @laluchadeabril s\u2019ha presentat aquest divendres al mat\u00ed a l\u2019Hotel Badalona Tower en un acte en qu\u00e8 han participat entre altres,l\u2019alcalde de Badalona, Xavier Garcia Albiol; la comiss\u00e0ria sotscap de la Policia de la Generalitat \u2013 Mossos d\u2019Esquadra, Rosa Bosch; el cap de la comissaria de Badalona, l\u2019intendent Alfons Sarrias; la vicerectora de Recerca de la Universitat Aut\u00f2noma de Barcelona (UAB), Assumpci\u00f3 Malgosa; i del pare de l\u2019Abril, Jes\u00fas Merino.<\/p>\n\n\n\n<p>Garcia Albiol ha manifestat la voluntat que la cursa es consolidi a Badalona per tot el qu\u00e8 significa i perqu\u00e8 \u201c\u00e9s la culminaci\u00f3 d\u2019una s\u00e8rie de grans projectes d\u2019aquesta iniciativa solid\u00e0ria\u201d. L\u2019alcalde ha destacat tamb\u00e9 \u201cla millora del circuit, t\u00e8cnic i senzill a la vegada, perqu\u00e8 les persones que siguin de fora de Badalona i participin a la cursa s\u2019emportin tamb\u00e9 un bon records dels espais de la ciutat per on passa la carrera\u201d.<\/p>\n","protected":false},"excerpt":{"rendered":"<p>El pr\u00f2xim diumenge 14 d\u2019abril, Badalona acollir\u00e0 la III Cursa&nbsp; Popular &#8211; Mossos d\u2019Esquadra per @laluchadeabril, un esdeveniment ben\u00e8fic per recaptar fons per a la investigaci\u00f3 m\u00e8dica. L\u2019esdeveniment comptar\u00e0 amb curses de 5 i 10 quil\u00f2metres, una caminada popular i diverses curses infantils. Les proves comen\u00e7aran a partir de les 9.30 hores, a la pla\u00e7a [&hellip;]<\/p>\n","protected":false},"author":2,"featured_media":6691,"comment_status":"open","ping_status":"open","sticky":false,"template":"","format":"standard","meta":{"footnotes":""},"categories":[26],"tags":[],"class_list":{"0":"post-6690","1":"post","2":"type-post","3":"status-publish","4":"format-standard","5":"has-post-thumbnail","7":"category-esports"},"_links":{"self":[{"href":"https:\/\/areabadalona.com\/diario\/wp-json\/wp\/v2\/posts\/6690","targetHints":{"allow":["GET"]}}],"collection":[{"href":"https:\/\/areabadalona.com\/diario\/wp-json\/wp\/v2\/posts"}],"about":[{"href":"https:\/\/areabadalona.com\/diario\/wp-json\/wp\/v2\/types\/post"}],"author":[{"embeddable":true,"href":"https:\/\/areabadalona.com\/diario\/wp-json\/wp\/v2\/users\/2"}],"replies":[{"embeddable":true,"href":"https:\/\/areabadalona.com\/diario\/wp-json\/wp\/v2\/comments?post=6690"}],"version-history":[{"count":1,"href":"https:\/\/areabadalona.com\/diario\/wp-json\/wp\/v2\/posts\/6690\/revisions"}],"predecessor-version":[{"id":6692,"href":"https:\/\/areabadalona.com\/diario\/wp-json\/wp\/v2\/posts\/6690\/revisions\/6692"}],"wp:featuredmedia":[{"embeddable":true,"href":"https:\/\/areabadalona.com\/diario\/wp-json\/wp\/v2\/media\/6691"}],"wp:attachment":[{"href":"https:\/\/areabadalona.com\/diario\/wp-json\/wp\/v2\/media?parent=6690"}],"wp:term":[{"taxonomy":"category","embeddable":true,"href":"https:\/\/areabadalona.com\/diario\/wp-json\/wp\/v2\/categories?post=6690"},{"taxonomy":"post_tag","embeddable":true,"href":"https:\/\/areabadalona.com\/diario\/wp-json\/wp\/v2\/tags?post=6690"}],"curies":[{"name":"wp","href":"https:\/\/api.w.org\/{rel}","templated":true}]}}