{"id":6680,"date":"2024-03-20T09:42:43","date_gmt":"2024-03-20T09:42:43","guid":{"rendered":"https:\/\/areabadalona.com\/diario\/?p=6680"},"modified":"2024-03-21T09:43:40","modified_gmt":"2024-03-21T09:43:40","slug":"badalona-protagonitza-un-dels-esdeveniments-de-la-fira-alimentaria-2024","status":"publish","type":"post","link":"https:\/\/areabadalona.com\/diario\/2024\/03\/20\/badalona-protagonitza-un-dels-esdeveniments-de-la-fira-alimentaria-2024\/","title":{"rendered":"Badalona protagonitza un dels esdeveniments de la Fira Aliment\u00e0ria 2024"},"content":{"rendered":"\n<p>Badalona, o m\u00e9s concretament l\u2019orgull de pertinen\u00e7a a aquesta ciutat, ha tingut avui el seu protagonisme i el seu espai a la Fira Aliment\u00e0ria 2024, un esdeveniment que se celebra durant aquests dies al recinte de la Gran Via de Fira de Barcelona, ocupant 100.000 metres quadrats, amb m\u00e9s de 3.200 expositors de 60 pa\u00efsos i milers de visitants.<\/p>\n\n\n\n<p>Aquest migdia, i dins de la programaci\u00f3 de les activitats del IV Congr\u00e9s de F&amp;B Hoteler integrat a la Fira Aliment\u00e0ria 2024, l\u2019alcalde de Badalona, Xavier Garcia Albiol, ha participat en un acte sobre l\u2019orgull de pertinen\u00e7a a la ciutat. L\u2019alcalde ha estat acompanyat d\u2019empresaris badalonins de primera fila del sector de l\u2019alimentaci\u00f3 com Enrique Tom\u00e0s, fundador de l\u2019empresa del seu nom especialitzada en el pernil ib\u00e8ric, Jos\u00e9 El\u00edas, CEO d\u2019Audax Renovables, La Sirena i 170 empreses m\u00e9s.<\/p>\n\n\n\n<p>L\u2019acte ha tingut lloc al pavell\u00f3 3-4 del recinte firal de Gran Via, moderat per la periodista Cristina Cubero. Durant la seva intervenci\u00f3, l\u2019alcalde de Badalona, Xavier Garcia Albiol ha afirmat que \u201cBadalona \u00e9s una ciutat plena d&#8217;oportunitats que no ha sabut o pogut explotar durant els darrers anys\u201d. \u201cAix\u00f2 est\u00e0 canviant, en pocs anys la ciutat es convertir\u00e0 en el millor lloc per viure de tota la metr\u00f2poli de Barcelona, amb el naixement de nous espais com el situat al voltant del canal del Gorg i la fa\u00e7ana mar\u00edtima\u201d, ha explicat. \u201cAquesta transformaci\u00f3 de la ciutat s\u2019ha de fer amb el suport del sector privat i els empresaris badalonins que tenim avui aqu\u00ed s\u00f3n un gran exemple de capacitat de feina, de comprom\u00eds, d\u2019orgull i de pertinen\u00e7a de la ciutat, han de ser un dels abanderats d\u2019aquest canvi i els hem de donar suport en aquest repte conjunt\u201d, ha afegit l\u2019alcalde.<\/p>\n","protected":false},"excerpt":{"rendered":"<p>Badalona, o m\u00e9s concretament l\u2019orgull de pertinen\u00e7a a aquesta ciutat, ha tingut avui el seu protagonisme i el seu espai a la Fira Aliment\u00e0ria 2024, un esdeveniment que se celebra durant aquests dies al recinte de la Gran Via de Fira de Barcelona, ocupant 100.000 metres quadrats, amb m\u00e9s de 3.200 expositors de 60 pa\u00efsos [&hellip;]<\/p>\n","protected":false},"author":2,"featured_media":6681,"comment_status":"open","ping_status":"open","sticky":false,"template":"","format":"standard","meta":{"footnotes":""},"categories":[23],"tags":[],"class_list":{"0":"post-6680","1":"post","2":"type-post","3":"status-publish","4":"format-standard","5":"has-post-thumbnail","7":"category-actualitat"},"_links":{"self":[{"href":"https:\/\/areabadalona.com\/diario\/wp-json\/wp\/v2\/posts\/6680","targetHints":{"allow":["GET"]}}],"collection":[{"href":"https:\/\/areabadalona.com\/diario\/wp-json\/wp\/v2\/posts"}],"about":[{"href":"https:\/\/areabadalona.com\/diario\/wp-json\/wp\/v2\/types\/post"}],"author":[{"embeddable":true,"href":"https:\/\/areabadalona.com\/diario\/wp-json\/wp\/v2\/users\/2"}],"replies":[{"embeddable":true,"href":"https:\/\/areabadalona.com\/diario\/wp-json\/wp\/v2\/comments?post=6680"}],"version-history":[{"count":1,"href":"https:\/\/areabadalona.com\/diario\/wp-json\/wp\/v2\/posts\/6680\/revisions"}],"predecessor-version":[{"id":6682,"href":"https:\/\/areabadalona.com\/diario\/wp-json\/wp\/v2\/posts\/6680\/revisions\/6682"}],"wp:featuredmedia":[{"embeddable":true,"href":"https:\/\/areabadalona.com\/diario\/wp-json\/wp\/v2\/media\/6681"}],"wp:attachment":[{"href":"https:\/\/areabadalona.com\/diario\/wp-json\/wp\/v2\/media?parent=6680"}],"wp:term":[{"taxonomy":"category","embeddable":true,"href":"https:\/\/areabadalona.com\/diario\/wp-json\/wp\/v2\/categories?post=6680"},{"taxonomy":"post_tag","embeddable":true,"href":"https:\/\/areabadalona.com\/diario\/wp-json\/wp\/v2\/tags?post=6680"}],"curies":[{"name":"wp","href":"https:\/\/api.w.org\/{rel}","templated":true}]}}