{"id":6676,"date":"2024-03-20T11:50:33","date_gmt":"2024-03-20T11:50:33","guid":{"rendered":"https:\/\/areabadalona.com\/diario\/?p=6676"},"modified":"2024-03-20T11:50:34","modified_gmt":"2024-03-20T11:50:34","slug":"badalona-celebra-el-compromis-amb-la-igualtat-amb-la-lectura-del-manifest-del-8m-lliures-i-unides-signat-amb-la-ugt-i-una-conferencia-sobre-corresponsabilitat-social","status":"publish","type":"post","link":"https:\/\/areabadalona.com\/diario\/2024\/03\/20\/badalona-celebra-el-compromis-amb-la-igualtat-amb-la-lectura-del-manifest-del-8m-lliures-i-unides-signat-amb-la-ugt-i-una-conferencia-sobre-corresponsabilitat-social\/","title":{"rendered":"Badalona celebra el comprom\u00eds amb la igualtat amb la lectura del Manifest del 8M Lliures i unides, signat amb la UGT, i una confer\u00e8ncia sobre corresponsabilitat social"},"content":{"rendered":"\n<p>Aquest dijous 21 de mar\u00e7, a les 18.30 hores, en la sala Polivalent, situada a la 4a planta del Centre Cultural El Carme (carrer de Francesc Layret, 78), tindr\u00e0 lloc l\u2019acte de Lectura del Manifest que han signat l\u2019Ajuntament de Badalona i el sindicat UGT amb motiu del 8M, Dia Internacional de les Dones.<\/p>\n\n\n\n<p>El passat 14 de mar\u00e7, i en el marc dels actes relacionats amb l\u2019efem\u00e8ride del 8M, l\u2019alcalde de Badalona, Xavier Garcia Albiol, i la secret\u00e0ria comarcal de la UGT del Barcelon\u00e8s Nord, Reyes Solaz, van signar un Manifest en el qual sindicat i Ajuntament refermaven el seu comprom\u00eds de treballar per aconseguir la igualtat efectiva entre dones i homes.<\/p>\n\n\n\n<p>La lectura del Manifest 8M \u201cLliures i unides\u201d anir\u00e0 a c\u00e0rrec de la regidora de l\u2019\u00c0rea de Gent Gran, Feminismes i LGTBIQ+ i Diversitat Funcional, Flor\u00e8ncia Badia i de la secretaria comarcal UGT Barcelon\u00e8s Nord, Reyes Solaz.<\/p>\n\n\n\n<p>Posteriorment, tindr\u00e0 lloc la confer\u00e8ncia \u201cLa Corresponsabilitat Social\u201d, a c\u00e0rrec d\u2019Eva M. Gajardo Rodr\u00edguez, secret\u00e0ria d\u2019Igualtat i Formaci\u00f3 de la Uni\u00f3 General de Treballadores i Treballadors de Catalunya (UGT). Eva M. Gajardo \u00e9s agent en Igualtat certificat per la Universitat de Barcelona i T\u00e8cnica en Prevenci\u00f3 de Riscos Laborals i, entre altres responsabilitats, \u00e9s membre del Consell de la Formaci\u00f3 i Qualificaci\u00f3 Professionals de Catalunya i del Consell de Relacions Laborals de Catalunya.<\/p>\n","protected":false},"excerpt":{"rendered":"<p>Aquest dijous 21 de mar\u00e7, a les 18.30 hores, en la sala Polivalent, situada a la 4a planta del Centre Cultural El Carme (carrer de Francesc Layret, 78), tindr\u00e0 lloc l\u2019acte de Lectura del Manifest que han signat l\u2019Ajuntament de Badalona i el sindicat UGT amb motiu del 8M, Dia Internacional de les Dones. El [&hellip;]<\/p>\n","protected":false},"author":2,"featured_media":6677,"comment_status":"open","ping_status":"open","sticky":false,"template":"","format":"standard","meta":{"footnotes":""},"categories":[23],"tags":[],"class_list":{"0":"post-6676","1":"post","2":"type-post","3":"status-publish","4":"format-standard","5":"has-post-thumbnail","7":"category-actualitat"},"_links":{"self":[{"href":"https:\/\/areabadalona.com\/diario\/wp-json\/wp\/v2\/posts\/6676","targetHints":{"allow":["GET"]}}],"collection":[{"href":"https:\/\/areabadalona.com\/diario\/wp-json\/wp\/v2\/posts"}],"about":[{"href":"https:\/\/areabadalona.com\/diario\/wp-json\/wp\/v2\/types\/post"}],"author":[{"embeddable":true,"href":"https:\/\/areabadalona.com\/diario\/wp-json\/wp\/v2\/users\/2"}],"replies":[{"embeddable":true,"href":"https:\/\/areabadalona.com\/diario\/wp-json\/wp\/v2\/comments?post=6676"}],"version-history":[{"count":1,"href":"https:\/\/areabadalona.com\/diario\/wp-json\/wp\/v2\/posts\/6676\/revisions"}],"predecessor-version":[{"id":6678,"href":"https:\/\/areabadalona.com\/diario\/wp-json\/wp\/v2\/posts\/6676\/revisions\/6678"}],"wp:featuredmedia":[{"embeddable":true,"href":"https:\/\/areabadalona.com\/diario\/wp-json\/wp\/v2\/media\/6677"}],"wp:attachment":[{"href":"https:\/\/areabadalona.com\/diario\/wp-json\/wp\/v2\/media?parent=6676"}],"wp:term":[{"taxonomy":"category","embeddable":true,"href":"https:\/\/areabadalona.com\/diario\/wp-json\/wp\/v2\/categories?post=6676"},{"taxonomy":"post_tag","embeddable":true,"href":"https:\/\/areabadalona.com\/diario\/wp-json\/wp\/v2\/tags?post=6676"}],"curies":[{"name":"wp","href":"https:\/\/api.w.org\/{rel}","templated":true}]}}