{"id":6673,"date":"2024-03-20T11:49:00","date_gmt":"2024-03-20T11:49:00","guid":{"rendered":"https:\/\/areabadalona.com\/diario\/?p=6673"},"modified":"2024-03-20T11:49:01","modified_gmt":"2024-03-20T11:49:01","slug":"en-comu-podem-es-reuneix-al-parlament-amb-la-plataforma-transformem-lautopista","status":"publish","type":"post","link":"https:\/\/areabadalona.com\/diario\/2024\/03\/20\/en-comu-podem-es-reuneix-al-parlament-amb-la-plataforma-transformem-lautopista\/","title":{"rendered":"En Com\u00fa Podem es reuneix al Parlament amb la Plataforma Transformem l\u2019autopista"},"content":{"rendered":"\n<p>Aquest dimarts el grup municipal En Com\u00fa Podem ha convidat a la Plataforma Transformem l\u2019autopista a reunir-se amb el grup Parlamentari d\u2019En Com\u00fa Podem, on van compartir la necessitat i demanda que la Generalitat faci una proposta concreta de transformaci\u00f3 de l\u2019autopista en el seu pas per Badalona.<\/p>\n\n\n\n<p>Segons la presidenta del grup parlamentari d\u2019ECP, J\u00e9ssica Albiach, la transformaci\u00f3 de l\u2019autopista \u00e9s una reivindicaci\u00f3 hist\u00f2rica que el govern de la Generalitat no est\u00e0 liderant amb cap proposta concreta. \u201cExigim que d\u2019una vegada per totes la conselleria de Territori faci un projecte concret amb la valoraci\u00f3 econ\u00f2mica per acabar amb aquesta barrera arquitect\u00f2nica\u201d.<\/p>\n\n\n\n<p>El diputat David Cid va valorar que la comissi\u00f3 parlament\u00e0ria creada a finals del mandat municipal passat nom\u00e9s ha sigut una manera d\u2019allargar en el temps un problema que \u00e9s compet\u00e8ncia del govern catal\u00e0. Per aix\u00f2 ECP inclour\u00e0 un cop m\u00e9s al seu programa electoral la prioritzaci\u00f3 de la transformaci\u00f3 de l\u2019autopista a les inversions de pa\u00eds.<\/p>\n\n\n\n<p>La presidenta del grup municipal de Badalona En Com\u00fa Podem, A\u00efda Llaurad\u00f3, tamb\u00e9 ha defensat la proposta presentada fa un any a Badalona, acompanyada de J\u00e9ssica Albiach al Centre C\u00edvic de Can Cabanyes. \u00abDefensem que l\u2019autopista C-31 es transformi en una gran via metropolitana a peu pla, permeable, que redueixi la velocitat dels cotxes, combini la mobilitat sostenible en transport p\u00fablic, carrils bici, ampliant zones verdes i facilitant i prioritzant el pas de vianants de manera accessible.\u00bb<\/p>\n\n\n\n<p>En aquest sentit, En Com\u00fa Podem referma l\u2019alian\u00e7a amb la Plataforma Transformem l\u2019autopista, que continua fent accions de sensibilitzaci\u00f3 i reivindicaci\u00f3 per transformar l&#8217;autopista.<\/p>\n","protected":false},"excerpt":{"rendered":"<p>Aquest dimarts el grup municipal En Com\u00fa Podem ha convidat a la Plataforma Transformem l\u2019autopista a reunir-se amb el grup Parlamentari d\u2019En Com\u00fa Podem, on van compartir la necessitat i demanda que la Generalitat faci una proposta concreta de transformaci\u00f3 de l\u2019autopista en el seu pas per Badalona. Segons la presidenta del grup parlamentari d\u2019ECP, [&hellip;]<\/p>\n","protected":false},"author":2,"featured_media":6674,"comment_status":"open","ping_status":"open","sticky":false,"template":"","format":"standard","meta":{"footnotes":""},"categories":[23],"tags":[],"class_list":{"0":"post-6673","1":"post","2":"type-post","3":"status-publish","4":"format-standard","5":"has-post-thumbnail","7":"category-actualitat"},"_links":{"self":[{"href":"https:\/\/areabadalona.com\/diario\/wp-json\/wp\/v2\/posts\/6673","targetHints":{"allow":["GET"]}}],"collection":[{"href":"https:\/\/areabadalona.com\/diario\/wp-json\/wp\/v2\/posts"}],"about":[{"href":"https:\/\/areabadalona.com\/diario\/wp-json\/wp\/v2\/types\/post"}],"author":[{"embeddable":true,"href":"https:\/\/areabadalona.com\/diario\/wp-json\/wp\/v2\/users\/2"}],"replies":[{"embeddable":true,"href":"https:\/\/areabadalona.com\/diario\/wp-json\/wp\/v2\/comments?post=6673"}],"version-history":[{"count":1,"href":"https:\/\/areabadalona.com\/diario\/wp-json\/wp\/v2\/posts\/6673\/revisions"}],"predecessor-version":[{"id":6675,"href":"https:\/\/areabadalona.com\/diario\/wp-json\/wp\/v2\/posts\/6673\/revisions\/6675"}],"wp:featuredmedia":[{"embeddable":true,"href":"https:\/\/areabadalona.com\/diario\/wp-json\/wp\/v2\/media\/6674"}],"wp:attachment":[{"href":"https:\/\/areabadalona.com\/diario\/wp-json\/wp\/v2\/media?parent=6673"}],"wp:term":[{"taxonomy":"category","embeddable":true,"href":"https:\/\/areabadalona.com\/diario\/wp-json\/wp\/v2\/categories?post=6673"},{"taxonomy":"post_tag","embeddable":true,"href":"https:\/\/areabadalona.com\/diario\/wp-json\/wp\/v2\/tags?post=6673"}],"curies":[{"name":"wp","href":"https:\/\/api.w.org\/{rel}","templated":true}]}}