{"id":6670,"date":"2024-03-20T09:38:22","date_gmt":"2024-03-20T09:38:22","guid":{"rendered":"https:\/\/areabadalona.com\/diario\/?p=6670"},"modified":"2024-03-20T09:38:23","modified_gmt":"2024-03-20T09:38:23","slug":"creix-el-projecte-de-realitat-virtual-per-millorar-el-dolor-cronic-i-la-sensibilitzacio-central-a-bsa","status":"publish","type":"post","link":"https:\/\/areabadalona.com\/diario\/2024\/03\/20\/creix-el-projecte-de-realitat-virtual-per-millorar-el-dolor-cronic-i-la-sensibilitzacio-central-a-bsa\/","title":{"rendered":"Creix el projecte de realitat virtual per millorar el dolor cr\u00f2nic i la sensibilitzaci\u00f3 central a BSA"},"content":{"rendered":"\n<p>BSA desplega en m\u00e9s Centres d\u2019Atenci\u00f3 Prim\u00e0ria el projecte de realitat virtual per millorar el dolor cr\u00f2nic i la sensibilitzaci\u00f3 central. El mes de febrer arrancava el primer grup al CAP Apenins Montigal\u00e0 i aquest mes de mar\u00e7 s\u2019hi suma a la iniciativa el CAP Morera Pomar i CAP Progr\u00e9s Raval. Tot i que encara no s\u2019ha acabat el pilot i, per tant, l\u2019estudi prospectiu no aleatoritzat, el testimoni dels participants que podeu consultar en el <a href=\"youtu.be\/5ODuj5DqFgk\">v\u00eddeo<\/a> mostren un alt grau de satisfacci\u00f3 i augment del benestar.&nbsp;<\/p>\n\n\n\n<p>Es tracta d\u2019avaluar una experi\u00e8ncia de realitat virtual que persegueix millorar la qualitat de vida dels pacients i ajudar en la gesti\u00f3 del dolor cr\u00f2nic, una problem\u00e0tica major en salut p\u00fablica a l\u2019Estat espanyol. En concret, s\u2019analitzar\u00e0 l\u2019acollida -acceptabilitat, viabilitat i impacte- de la realitat virtual per part dels participants (persones usu\u00e0ries i professionals) com a eina complement\u00e0ria efica\u00e7 en el tractament del dolor cr\u00f2nic.&nbsp;Tamb\u00e9 servir\u00e0 per estudiar si l\u2019\u00fas d\u2019aquesta tecnologia permet refor\u00e7ar la adher\u00e8ncia als programes terap\u00e8utics i potenciar el benestar emocional dels pacients.<\/p>\n\n\n\n<p>Aquest \u00e9s un dels dos projectes de l\u2019organitzaci\u00f3 seleccionats en l&#8217;\u00e0mbit de l&#8217;atenci\u00f3 sanit\u00e0ria i social en el marc del <em>hub<\/em> d&#8217;innovaci\u00f3 del Consorci Social i Sanitari de Catalunya <em>iNexes<\/em>. S\u2019emmarca en el finan\u00e7ament dels fons per a les estrat\u00e8gies 2023 del Ministeri de Sanitat que van ser aprovat en el CSNS amb data 23 de juny de 2023 com a suport a la implementaci\u00f3 del Pla d\u2019Acci\u00f3 Atenci\u00f3 Prim\u00e0ria i Comunit\u00e0ria. Es tracta d\u2019un projecte multidisciplinar liderat per professionals de Medicina de Fam\u00edlia i Comunit\u00e0ria, Fisioter\u00e0pia i Referents de Benestar Emocional Comunitari (RBEC) de l\u2019Atenci\u00f3 Prim\u00e0ria de l\u2019organitzaci\u00f3.<\/p>\n\n\n\n<p><strong>Consolidaci\u00f3 de la realitat virtual<\/strong><\/p>\n\n\n\n<p>Aquest projecte s\u2019hi suma a les diferents l\u00ednies d\u2019\u00fas de la <a href=\"https:\/\/www.bsa.cat\/ca\/qui-som\/noticia\/creix-el-projecte-de-realitat-virtual-immersiva-desenvolupat-per-bsa\" target=\"_blank\" rel=\"noreferrer noopener\">realitat virtual a BSA<\/a> amb finalitats assistencials i docents que BSA duu a terme actualment.<\/p>\n\n\n\n<figure class=\"wp-block-embed is-type-video is-provider-youtube wp-block-embed-youtube wp-embed-aspect-16-9 wp-has-aspect-ratio\"><div class=\"wp-block-embed__wrapper\">\n<div class=\"youtube-embed\" data-video_id=\"5ODuj5DqFgk\"><iframe loading=\"lazy\" title=\"Realitat virtual per millorar el dolor cr\u00f2nic i la sensibilitzaci\u00f3 central\" width=\"696\" height=\"392\" src=\"https:\/\/www.youtube.com\/embed\/5ODuj5DqFgk?feature=oembed&#038;enablejsapi=1\" frameborder=\"0\" allow=\"accelerometer; autoplay; clipboard-write; encrypted-media; gyroscope; picture-in-picture; web-share\" allowfullscreen><\/iframe><\/div>\n<\/div><\/figure>\n","protected":false},"excerpt":{"rendered":"<p>BSA desplega en m\u00e9s Centres d\u2019Atenci\u00f3 Prim\u00e0ria el projecte de realitat virtual per millorar el dolor cr\u00f2nic i la sensibilitzaci\u00f3 central. El mes de febrer arrancava el primer grup al CAP Apenins Montigal\u00e0 i aquest mes de mar\u00e7 s\u2019hi suma a la iniciativa el CAP Morera Pomar i CAP Progr\u00e9s Raval. Tot i que encara [&hellip;]<\/p>\n","protected":false},"author":2,"featured_media":6671,"comment_status":"open","ping_status":"open","sticky":false,"template":"","format":"standard","meta":{"footnotes":""},"categories":[24],"tags":[],"class_list":{"0":"post-6670","1":"post","2":"type-post","3":"status-publish","4":"format-standard","5":"has-post-thumbnail","7":"category-societat"},"_links":{"self":[{"href":"https:\/\/areabadalona.com\/diario\/wp-json\/wp\/v2\/posts\/6670","targetHints":{"allow":["GET"]}}],"collection":[{"href":"https:\/\/areabadalona.com\/diario\/wp-json\/wp\/v2\/posts"}],"about":[{"href":"https:\/\/areabadalona.com\/diario\/wp-json\/wp\/v2\/types\/post"}],"author":[{"embeddable":true,"href":"https:\/\/areabadalona.com\/diario\/wp-json\/wp\/v2\/users\/2"}],"replies":[{"embeddable":true,"href":"https:\/\/areabadalona.com\/diario\/wp-json\/wp\/v2\/comments?post=6670"}],"version-history":[{"count":1,"href":"https:\/\/areabadalona.com\/diario\/wp-json\/wp\/v2\/posts\/6670\/revisions"}],"predecessor-version":[{"id":6672,"href":"https:\/\/areabadalona.com\/diario\/wp-json\/wp\/v2\/posts\/6670\/revisions\/6672"}],"wp:featuredmedia":[{"embeddable":true,"href":"https:\/\/areabadalona.com\/diario\/wp-json\/wp\/v2\/media\/6671"}],"wp:attachment":[{"href":"https:\/\/areabadalona.com\/diario\/wp-json\/wp\/v2\/media?parent=6670"}],"wp:term":[{"taxonomy":"category","embeddable":true,"href":"https:\/\/areabadalona.com\/diario\/wp-json\/wp\/v2\/categories?post=6670"},{"taxonomy":"post_tag","embeddable":true,"href":"https:\/\/areabadalona.com\/diario\/wp-json\/wp\/v2\/tags?post=6670"}],"curies":[{"name":"wp","href":"https:\/\/api.w.org\/{rel}","templated":true}]}}