{"id":6667,"date":"2024-03-19T09:32:38","date_gmt":"2024-03-19T09:32:38","guid":{"rendered":"https:\/\/areabadalona.com\/diario\/?p=6667"},"modified":"2024-03-20T09:35:10","modified_gmt":"2024-03-20T09:35:10","slug":"carrera-es-reuneix-amb-collboni-per-tractar-diversos-temes-que-afecten-badalona","status":"publish","type":"post","link":"https:\/\/areabadalona.com\/diario\/2024\/03\/19\/carrera-es-reuneix-amb-collboni-per-tractar-diversos-temes-que-afecten-badalona\/","title":{"rendered":"Carrera es reuneix amb Collboni per tractar diversos temes que afecten Badalona"},"content":{"rendered":"\n<p>El president del grup municipal del PSC a Badalona, Fernando Carrera, s&#8217;ha reunit aquest dimarts amb el president de l&#8217;\u00c0rea Metropolitana de Barcelona, i alcalde de Barcelona, Jaume Collboni. Durant la trobada s&#8217;han abordat diversos temes que afecten la ciutat de Badalona, com l&#8217;actual situaci\u00f3 del Consorci del Bes\u00f2s, l&#8217;estat de les platges, el projecte de hub audiovisual i digital a les Tres Xemeneies o la situaci\u00f3 dels pol\u00edgons badalonins, sobretot el situat al sud de la ciutat. La reuni\u00f3 s&#8217;emmarca en un seguit de trobades que el president del grup municipal del PSC, Fernando Carrera, est\u00e0 mantenint amb diversos representants d&#8217;organismes supramunicipals. Carrera ha qualificat de molt important la trobada perqu\u00e8 hi ha molts temes que afecten Badalona i que depenen d&#8217;administracions com l&#8217;\u00c0rea Metropolitana de Barcelona. Carrera ha volgut agrair a Collboni la seva tasca al capdavant de l&#8217;ens i ha subratllat que \u00absense la suma de totes les administracions hi ha projectes de Badalona que es no podran desencallar\u00bb.<\/p>\n","protected":false},"excerpt":{"rendered":"<p>El president del grup municipal del PSC a Badalona, Fernando Carrera, s&#8217;ha reunit aquest dimarts amb el president de l&#8217;\u00c0rea Metropolitana de Barcelona, i alcalde de Barcelona, Jaume Collboni. Durant la trobada s&#8217;han abordat diversos temes que afecten la ciutat de Badalona, com l&#8217;actual situaci\u00f3 del Consorci del Bes\u00f2s, l&#8217;estat de les platges, el projecte [&hellip;]<\/p>\n","protected":false},"author":2,"featured_media":6668,"comment_status":"open","ping_status":"open","sticky":false,"template":"","format":"standard","meta":{"footnotes":""},"categories":[23],"tags":[],"class_list":{"0":"post-6667","1":"post","2":"type-post","3":"status-publish","4":"format-standard","5":"has-post-thumbnail","7":"category-actualitat"},"_links":{"self":[{"href":"https:\/\/areabadalona.com\/diario\/wp-json\/wp\/v2\/posts\/6667","targetHints":{"allow":["GET"]}}],"collection":[{"href":"https:\/\/areabadalona.com\/diario\/wp-json\/wp\/v2\/posts"}],"about":[{"href":"https:\/\/areabadalona.com\/diario\/wp-json\/wp\/v2\/types\/post"}],"author":[{"embeddable":true,"href":"https:\/\/areabadalona.com\/diario\/wp-json\/wp\/v2\/users\/2"}],"replies":[{"embeddable":true,"href":"https:\/\/areabadalona.com\/diario\/wp-json\/wp\/v2\/comments?post=6667"}],"version-history":[{"count":1,"href":"https:\/\/areabadalona.com\/diario\/wp-json\/wp\/v2\/posts\/6667\/revisions"}],"predecessor-version":[{"id":6669,"href":"https:\/\/areabadalona.com\/diario\/wp-json\/wp\/v2\/posts\/6667\/revisions\/6669"}],"wp:featuredmedia":[{"embeddable":true,"href":"https:\/\/areabadalona.com\/diario\/wp-json\/wp\/v2\/media\/6668"}],"wp:attachment":[{"href":"https:\/\/areabadalona.com\/diario\/wp-json\/wp\/v2\/media?parent=6667"}],"wp:term":[{"taxonomy":"category","embeddable":true,"href":"https:\/\/areabadalona.com\/diario\/wp-json\/wp\/v2\/categories?post=6667"},{"taxonomy":"post_tag","embeddable":true,"href":"https:\/\/areabadalona.com\/diario\/wp-json\/wp\/v2\/tags?post=6667"}],"curies":[{"name":"wp","href":"https:\/\/api.w.org\/{rel}","templated":true}]}}