{"id":6664,"date":"2024-03-18T10:47:53","date_gmt":"2024-03-18T10:47:53","guid":{"rendered":"https:\/\/areabadalona.com\/diario\/?p=6664"},"modified":"2024-03-19T10:48:34","modified_gmt":"2024-03-19T10:48:34","slug":"les-escales-mecaniques-del-carrer-de-fortuny-i-del-carrer-de-solsona-tornen-a-funcionar-despres-dun-any-i-mig-aturades","status":"publish","type":"post","link":"https:\/\/areabadalona.com\/diario\/2024\/03\/18\/les-escales-mecaniques-del-carrer-de-fortuny-i-del-carrer-de-solsona-tornen-a-funcionar-despres-dun-any-i-mig-aturades\/","title":{"rendered":"Les escales mec\u00e0niques del carrer de Fortuny i del carrer de Solsona tornen a funcionar despr\u00e9s d\u2019un any i mig aturades"},"content":{"rendered":"\n<p>Avui han tornat a funcionar les escales mec\u00e0niques del carrer de Fortuny, del barri de Sant Crist de Can Cabanyes, i les situades al carrer de Solsona, del barri de la Pau. Les escales mec\u00e0niques portaven avariades i sense funcionar els darrers 18 mesos. La seva posada en marxa es fa coincidint amb l\u2019entrada en vigor del contracte de manteniment d\u2019aquestes instal\u00b7lacions per tal de garantir el seu funcionament.<\/p>\n\n\n\n<p>Ambdues escales ajuden a superar grans desnivells. Les escales del carrer de Fortuny superen un desnivell de 10 metres entre els carrers de Casas i Amig\u00f3 i el carrer de Montserrat del barri de Sant Crist de Can Cabanyes. Per la seva banda, les escales del carrer de Solsona superen un desnivell de 9,90 metres entre els carrers de Sevilla i de Ruperto Chap\u00ed al barri de la Pau.<\/p>\n\n\n\n<p>L\u2019alcalde de Badalona, Xavier Garcia Albiol, acompanyat dels tinents d\u2019alcaldia Cristina Ag\u00fcera i Daniel Gracia, ha manifestat aquest mat\u00ed davant les escales del carrer de Fortuny la seva satisfacci\u00f3 \u201cpel fet que tornin a funcionar aquestes escales tan necess\u00e0ries per als despla\u00e7aments i, en especial per a la gent gran i amb dificultats de mobilitat\u201d. \u201cPer fi podem assegurar, despr\u00e9s d\u2019un any i mig que hagin estat aturades, que gr\u00e0cies al contracte de manteniment tenim la garantia que aquesta situaci\u00f3 no es tornar\u00e0 a repetir i qualsevol problema es resoldr\u00e0\u201d.<\/p>\n\n\n\n<p>L\u2019alcalde tamb\u00e9 ha assenyalat pel que fa a les rampes del carrer de Cuba del barri de Sant Crist de Can Cabanyes que s\u2019ha de renovar totalment la maquin\u00e0ria i est\u00e0 previst que l\u2019Ajuntament liciti el nou contracte de renovaci\u00f3 i manteniment durant aquest estiu.<\/p>\n","protected":false},"excerpt":{"rendered":"<p>Avui han tornat a funcionar les escales mec\u00e0niques del carrer de Fortuny, del barri de Sant Crist de Can Cabanyes, i les situades al carrer de Solsona, del barri de la Pau. Les escales mec\u00e0niques portaven avariades i sense funcionar els darrers 18 mesos. La seva posada en marxa es fa coincidint amb l\u2019entrada en [&hellip;]<\/p>\n","protected":false},"author":2,"featured_media":6665,"comment_status":"open","ping_status":"open","sticky":false,"template":"","format":"standard","meta":{"footnotes":""},"categories":[23],"tags":[],"class_list":{"0":"post-6664","1":"post","2":"type-post","3":"status-publish","4":"format-standard","5":"has-post-thumbnail","7":"category-actualitat"},"_links":{"self":[{"href":"https:\/\/areabadalona.com\/diario\/wp-json\/wp\/v2\/posts\/6664","targetHints":{"allow":["GET"]}}],"collection":[{"href":"https:\/\/areabadalona.com\/diario\/wp-json\/wp\/v2\/posts"}],"about":[{"href":"https:\/\/areabadalona.com\/diario\/wp-json\/wp\/v2\/types\/post"}],"author":[{"embeddable":true,"href":"https:\/\/areabadalona.com\/diario\/wp-json\/wp\/v2\/users\/2"}],"replies":[{"embeddable":true,"href":"https:\/\/areabadalona.com\/diario\/wp-json\/wp\/v2\/comments?post=6664"}],"version-history":[{"count":1,"href":"https:\/\/areabadalona.com\/diario\/wp-json\/wp\/v2\/posts\/6664\/revisions"}],"predecessor-version":[{"id":6666,"href":"https:\/\/areabadalona.com\/diario\/wp-json\/wp\/v2\/posts\/6664\/revisions\/6666"}],"wp:featuredmedia":[{"embeddable":true,"href":"https:\/\/areabadalona.com\/diario\/wp-json\/wp\/v2\/media\/6665"}],"wp:attachment":[{"href":"https:\/\/areabadalona.com\/diario\/wp-json\/wp\/v2\/media?parent=6664"}],"wp:term":[{"taxonomy":"category","embeddable":true,"href":"https:\/\/areabadalona.com\/diario\/wp-json\/wp\/v2\/categories?post=6664"},{"taxonomy":"post_tag","embeddable":true,"href":"https:\/\/areabadalona.com\/diario\/wp-json\/wp\/v2\/tags?post=6664"}],"curies":[{"name":"wp","href":"https:\/\/api.w.org\/{rel}","templated":true}]}}