{"id":6661,"date":"2024-03-19T10:47:14","date_gmt":"2024-03-19T10:47:14","guid":{"rendered":"https:\/\/areabadalona.com\/diario\/?p=6661"},"modified":"2024-03-19T10:47:15","modified_gmt":"2024-03-19T10:47:15","slug":"lajuntament-publica-un-ban-que-recull-les-mesures-i-les-prohibicions-vigents-des-del-15-de-marc-fins-al-15-doctubre","status":"publish","type":"post","link":"https:\/\/areabadalona.com\/diario\/2024\/03\/19\/lajuntament-publica-un-ban-que-recull-les-mesures-i-les-prohibicions-vigents-des-del-15-de-marc-fins-al-15-doctubre\/","title":{"rendered":"L\u2019Ajuntament publica un ban que recull les mesures i les prohibicions vigents des del 15 de mar\u00e7 fins al 15 d\u2019octubre"},"content":{"rendered":"\n<p>L\u2019Ajuntament de Badalona ha publicat un ban, que signa l\u2019alcalde de Badalona, per activar les mesures per prevenir incendis forestals al terme municipal amb l\u2019objectiu d\u2019evitar que el foc pugui afectar els espais naturals. Les mesures s\u2019aplicaran en el per\u00edode compr\u00e8s des del 15 de mar\u00e7 fins al 15 d\u2019octubre, ambd\u00f3s inclosos.<\/p>\n\n\n\n<p>En la resoluci\u00f3 s\u2019especifica que no estar\u00e0 perm\u00e8s encendre foc per a qualsevol tipus d\u2019activitat, sigui quina sigui la seva finalitat, en els terrenys forestals, estiguin o no poblats d\u2019esp\u00e8cies arb\u00f2ries, i a la franja de 500 metres que els envolti. El ban fa especial incid\u00e8ncia en la prohibici\u00f3 de:<\/p>\n\n\n\n<p>\u2022 Cremar rostolls, marges i restes d\u2019aprofitament forestals, agr\u00edcoles o de jardineria.<\/p>\n\n\n\n<p>\u2022 Fer focs d\u2019esbarjo. Queda exclosa de la prohibici\u00f3, i sempre dins de les \u00e0rees recreatives i d\u2019acampada i en parcel\u00b7les de les urbanitzacions, la utilitzaci\u00f3 dels fogons de gas i de barbacoes d\u2019obra amb mataespurnes.<\/p>\n\n\n\n<p>\u2022 Fer foc per a activitats relacionades amb l\u2019apicultura.<\/p>\n\n\n\n<p>Tamb\u00e9 es remarca que no es poden llen\u00e7ar objectes encesos; abocar escombraries i restes vegetals industrials de qualsevol mena que puguin ser causa de l\u2019inici d\u2019un foc; llen\u00e7ar coets, globus, focs d\u2019artifici o altres artefactes que continguin foc i utilitzar bufadors o similars en terrenys forestals.<\/p>\n\n\n\n<p>D\u2019altra banda, la prohibici\u00f3 s\u2019est\u00e9n als treballs que generin restes vegetals i nom\u00e9s s\u2019autoritzar\u00e0 amb car\u00e0cter molt excepcional, tant el fet de fer foc com els treballs forestals.<\/p>\n\n\n\n<p>El Ban tamb\u00e9 recorda que les edificacions i instal\u00b7lacions que no tinguin una continu\u00eftat immediata amb la trama urbana i que estiguin situades a menys de 500 m de terrenys forestals han de disposar d\u2019una zona de protecci\u00f3 de 25 m d\u2019amplada a comptar des del per\u00edmetre exterior de les edificacions; i disposar d\u2019una xarxa d\u2019hidrants d\u2019incendi de 100 mm de di\u00e0metre.<\/p>\n\n\n\n<p>En el cas de les urbanitzacions que no tinguin continu\u00eftat immediata amb la trama urbana tamb\u00e9 han de tenir cura de mantenir els vials, les zones d\u2019acc\u00e9s, i les cunetes netes de vegetaci\u00f3 seca; elaborar un pla d\u2019autoprotecci\u00f3 que s\u2019haur\u00e0 d\u2019incorporar al pla municipal d\u2019actuaci\u00f3, d\u2019acord amb el Pla d\u2019emerg\u00e8ncies per a incendis forestals de Catalunya (INFOCAT), i les parcel\u00b7les interiors no edificades han d\u2019estar netes de vegetaci\u00f3 seca.<\/p>\n\n\n\n<p><strong>Col\u00b7laboraci\u00f3 ciutadana i av\u00eds immediat davant qualsevol emerg\u00e8ncia<\/strong><\/p>\n\n\n\n<p>En el ban, l\u2019alcalde fa una crida \u201ca la participaci\u00f3 de tots els ciutadans i ciutadanes en les tasques de prevenci\u00f3 i vigil\u00e0ncia dels possibles incendis, aix\u00ed com en les d\u2019alarma urgent i d\u2019extinci\u00f3 si es produ\u00efssin\u201d. En aquest sentit, es recorda que, a banda d\u2019intentar extingir l\u2019incendi amb tota urg\u00e8ncia si es tenen mitjans, sempre s\u2019haur\u00e0 d\u2019avisar immediatament al tel\u00e8fon d\u2019emerg\u00e8ncies 112.<\/p>\n\n\n\n<p>La regidora de Medi Ambient, S\u00f2nia Egea, s\u2019ha reunit amb els propietaris de finques que han de disposar de les franges de protecci\u00f3 perimetral de 25 metres d\u2019amplada per tal d\u2019informar-los del Ban, aclarir dubtes de com realitzar les franges i traslladar-los la necessitat de fer-les al m\u00e9s aviat possible, per l\u2019elevat risc d\u2019incendi.<\/p>\n","protected":false},"excerpt":{"rendered":"<p>L\u2019Ajuntament de Badalona ha publicat un ban, que signa l\u2019alcalde de Badalona, per activar les mesures per prevenir incendis forestals al terme municipal amb l\u2019objectiu d\u2019evitar que el foc pugui afectar els espais naturals. Les mesures s\u2019aplicaran en el per\u00edode compr\u00e8s des del 15 de mar\u00e7 fins al 15 d\u2019octubre, ambd\u00f3s inclosos. En la resoluci\u00f3 [&hellip;]<\/p>\n","protected":false},"author":2,"featured_media":6662,"comment_status":"open","ping_status":"open","sticky":false,"template":"","format":"standard","meta":{"footnotes":""},"categories":[23],"tags":[],"class_list":{"0":"post-6661","1":"post","2":"type-post","3":"status-publish","4":"format-standard","5":"has-post-thumbnail","7":"category-actualitat"},"_links":{"self":[{"href":"https:\/\/areabadalona.com\/diario\/wp-json\/wp\/v2\/posts\/6661","targetHints":{"allow":["GET"]}}],"collection":[{"href":"https:\/\/areabadalona.com\/diario\/wp-json\/wp\/v2\/posts"}],"about":[{"href":"https:\/\/areabadalona.com\/diario\/wp-json\/wp\/v2\/types\/post"}],"author":[{"embeddable":true,"href":"https:\/\/areabadalona.com\/diario\/wp-json\/wp\/v2\/users\/2"}],"replies":[{"embeddable":true,"href":"https:\/\/areabadalona.com\/diario\/wp-json\/wp\/v2\/comments?post=6661"}],"version-history":[{"count":1,"href":"https:\/\/areabadalona.com\/diario\/wp-json\/wp\/v2\/posts\/6661\/revisions"}],"predecessor-version":[{"id":6663,"href":"https:\/\/areabadalona.com\/diario\/wp-json\/wp\/v2\/posts\/6661\/revisions\/6663"}],"wp:featuredmedia":[{"embeddable":true,"href":"https:\/\/areabadalona.com\/diario\/wp-json\/wp\/v2\/media\/6662"}],"wp:attachment":[{"href":"https:\/\/areabadalona.com\/diario\/wp-json\/wp\/v2\/media?parent=6661"}],"wp:term":[{"taxonomy":"category","embeddable":true,"href":"https:\/\/areabadalona.com\/diario\/wp-json\/wp\/v2\/categories?post=6661"},{"taxonomy":"post_tag","embeddable":true,"href":"https:\/\/areabadalona.com\/diario\/wp-json\/wp\/v2\/tags?post=6661"}],"curies":[{"name":"wp","href":"https:\/\/api.w.org\/{rel}","templated":true}]}}