{"id":6658,"date":"2024-03-19T10:45:57","date_gmt":"2024-03-19T10:45:57","guid":{"rendered":"https:\/\/areabadalona.com\/diario\/?p=6658"},"modified":"2024-03-19T10:45:57","modified_gmt":"2024-03-19T10:45:57","slug":"el-tanatori-de-badalona-i-badabiblios-publiquen-la-guia-de-lectura-el-dol-i-la-perdua","status":"publish","type":"post","link":"https:\/\/areabadalona.com\/diario\/2024\/03\/19\/el-tanatori-de-badalona-i-badabiblios-publiquen-la-guia-de-lectura-el-dol-i-la-perdua\/","title":{"rendered":"El Tanatori de Badalona i Badabiblios publiquen la guia de lectura \u2018El dol i la p\u00e8rdua\u2019"},"content":{"rendered":"\n<p>El Tanatori de Badalona ha col\u00b7laborat en la publicaci\u00f3 de la guia de lectura <em>El dol i la p\u00e8rdua<\/em>, un recurs d\u2019ajuda al dol elaborat per la xarxa municipal de biblioteques de Badalona (Badabiblios) a partir del fons bibliogr\u00e0fic especialitzat en aquesta tem\u00e0tica cedit per PFB Serveis Funeraris. El document \u00e9s el primer d&#8217;aquest tipus dedicat al dol i recull una selecci\u00f3 de m\u00e9s de cent obres classificades per g\u00e8neres i p\u00fablics -infants i adults-,&nbsp; que avui es troben a la biblioteca badalonina de Can Casacuberta. A m\u00e9s de posar en valor aquest recurs d&#8217;ajuda davant el dol i la p\u00e8rdua, la nova guia t\u00e9 la finalitat de facilitar l&#8217;acc\u00e9s a aquesta bibliografia des de qualsevol punt de Catalunya, a trav\u00e9s de la xarxa de biblioteques existent.<\/p>\n\n\n\n<p>La iniciativa t\u00e9 l\u2019origen en la biblioteca que PFB Serveis Funeraris va crear a les depend\u00e8ncies del Tanatori de Badalona, un fons format per m\u00e9s d\u2019un centenar de t\u00edtols sobre dol i p\u00e8rdua que el 2013 va cedir definitivament a Can Casacuberta, amb el prop\u00f2sit de posar-los a l\u2019abast de tota la ciutadania. Des d&#8217;aleshores, l\u2019empresa funer\u00e0ria ha continuat contribuint peri\u00f2dicament a aquest fons, que des de la biblioteca badalonina s&#8217;ha anat ampliant fins a esdevenir un dels m\u00e9s grans dedicats al dol i p\u00e8rdua.<\/p>\n\n\n\n<p>Per a <strong>Ana Gassi\u00f3<\/strong>, directora general de PFB, \u201coferir acompanyament i ajuda a les persones que han patit una p\u00e8rdua \u00e9s molt important per a l\u2019elaboraci\u00f3 posterior del dol. En determinades situacions, la lectura pot ser la millor aliada per entendre el que ens passa o per poder donar suport a alg\u00fa proper, ja sigui un adult o un infant. En som molt conscients, i per aix\u00f2 vam decidir iniciar aquest fons, fa m\u00e9s de 20 anys, i compartir-lo posteriorment amb tothom qui el pogu\u00e9s necessitar a trav\u00e9s del centre de Can Casacuberta\u201d.<\/p>\n\n\n\n<p>El fons, que segons <strong>Imma Casals<\/strong>, directora de la Biblioteca de Can Casacuberta, \u00ab\u00e9s un dels m\u00e9s amplis i complets sobre aquest tema a les biblioteques catalanes, inclou des de novel\u00b7les, fins a relats personals, poesia, contes o c\u00f2mics, entre altres g\u00e8neres. Un recurs que hem volgut recopilar i endre\u00e7ar tamb\u00e9 per edats en aquesta guia de lectura\u201d. Segons Casals, \u201c\u00e9s una iniciativa que ens fa molta il\u00b7lusi\u00f3 impulsar, conjuntament amb el Tanatori de Badalona i PFB, ja que contribueix a la promoci\u00f3 del coneixement i a la difusi\u00f3 d\u2019aquest fons especialitzat que fa m\u00e9s de deu anys que acollim\u201d.<\/p>\n\n\n\n<p>La guia compta tamb\u00e9 amb la participaci\u00f3 de la psic\u00f2loga especialista en dol i col\u00b7laboradora de PFB, <a href=\"https:\/\/www.instagram.com\/carlaborraspsicologia\/\"><strong>Carla Borr\u00e0s<\/strong><\/a>, que n\u2019\u00e9s l\u2019autora del text introductori. Tal com reconeix Borr\u00e0s \u00bb sovint, la societat en qu\u00e8 vivim ens empeny a cr\u00e9ixer, a avan\u00e7ar, per\u00f2 no ens dona temps per elaborar la p\u00e8rdua, sigui del tipus que sigui -per una mort, una separaci\u00f3, una ruptura sentimental, etc.-, i molts processos es queden a mig fer. Iniciatives com aquesta guia de lectura s\u00f3n molt necess\u00e0ries per posar la mirada als nostres dols i donar-los la import\u00e0ncia que es mereixen\u201d.<\/p>\n\n\n\n<p>La guia de lectura <em>El dol i la p\u00e8rdua<\/em> ja est\u00e0 disponible online al <a href=\"https:\/\/bibliotecavirtual.diba.cat\/detall-guia\/-\/detall\/7D2o\/GUIA_LECTURA\/10934\/406409700\">web de Badabiblios<\/a> i a la del <a href=\"https:\/\/tanatoribadalona.com\/servei-datencio-al-dol\/\">Tanatori de Badalona<\/a>. El fons bibliogr\u00e0fic \u00e9s accessible per a qualsevol usuari de les biblioteques d\u2019arreu del territori catal\u00e0.<\/p>\n\n\n\n<p><strong>PFB Serveis Funeraris i l\u2019ajuda al dol<\/strong><\/p>\n\n\n\n<p>Davant la import\u00e0ncia d\u2019aprendre a superar la mort d\u2019un \u00e9sser estimat, i en l\u00ednia amb la seva voluntat d\u2019acompanyar les fam\u00edlies, PFB aposta des de fa m\u00e9s de 20 anys per l\u2019atenci\u00f3 emocional. A m\u00e9s de ser pionera en la creaci\u00f3 d\u2019una biblioteca especialitzada en dol al Tanatori de Badalona, que avui es troba a Can Casacuberta, l\u2019empresa coordina un servei personalitzat de psic\u00f2legs i grups de dol per donar suport a les fam\u00edlies que han patit una p\u00e8rdua recent.<\/p>\n\n\n\n<p>En aquest \u00e0mbit, PFB tamb\u00e9 ha impulsat diverses iniciatives com <em>La capsa dels adeus<\/em>, per a la divulgaci\u00f3 de llibres infantils relacionats amb la p\u00e8rdua i dirigits a centres educatius, o <em>La capsa del record<\/em>, per ajudar els m\u00e9s petits que passen pel tanatori a expressar el dol a trav\u00e9s del dibuix. Aix\u00ed mateix, l\u2019empresa tamb\u00e9 impulsa peri\u00f2dicament trobades <em>death caf\u00e8<\/em>, per contribuir a naturalitzar la mort i a trencar els tab\u00fas que l\u2019envolten, i facilita l\u2019acc\u00e9s gratu\u00eft a diversos <em>ebooks <\/em>d\u2019ajuda davant la p\u00e8rdua, que poden sol\u00b7licitar-se a trav\u00e9s de la seva p\u00e0gina web.<\/p>\n","protected":false},"excerpt":{"rendered":"<p>El Tanatori de Badalona ha col\u00b7laborat en la publicaci\u00f3 de la guia de lectura El dol i la p\u00e8rdua, un recurs d\u2019ajuda al dol elaborat per la xarxa municipal de biblioteques de Badalona (Badabiblios) a partir del fons bibliogr\u00e0fic especialitzat en aquesta tem\u00e0tica cedit per PFB Serveis Funeraris. El document \u00e9s el primer d&#8217;aquest tipus [&hellip;]<\/p>\n","protected":false},"author":2,"featured_media":6659,"comment_status":"open","ping_status":"open","sticky":false,"template":"","format":"standard","meta":{"footnotes":""},"categories":[25,24],"tags":[],"class_list":{"0":"post-6658","1":"post","2":"type-post","3":"status-publish","4":"format-standard","5":"has-post-thumbnail","7":"category-cultura","8":"category-societat"},"_links":{"self":[{"href":"https:\/\/areabadalona.com\/diario\/wp-json\/wp\/v2\/posts\/6658","targetHints":{"allow":["GET"]}}],"collection":[{"href":"https:\/\/areabadalona.com\/diario\/wp-json\/wp\/v2\/posts"}],"about":[{"href":"https:\/\/areabadalona.com\/diario\/wp-json\/wp\/v2\/types\/post"}],"author":[{"embeddable":true,"href":"https:\/\/areabadalona.com\/diario\/wp-json\/wp\/v2\/users\/2"}],"replies":[{"embeddable":true,"href":"https:\/\/areabadalona.com\/diario\/wp-json\/wp\/v2\/comments?post=6658"}],"version-history":[{"count":1,"href":"https:\/\/areabadalona.com\/diario\/wp-json\/wp\/v2\/posts\/6658\/revisions"}],"predecessor-version":[{"id":6660,"href":"https:\/\/areabadalona.com\/diario\/wp-json\/wp\/v2\/posts\/6658\/revisions\/6660"}],"wp:featuredmedia":[{"embeddable":true,"href":"https:\/\/areabadalona.com\/diario\/wp-json\/wp\/v2\/media\/6659"}],"wp:attachment":[{"href":"https:\/\/areabadalona.com\/diario\/wp-json\/wp\/v2\/media?parent=6658"}],"wp:term":[{"taxonomy":"category","embeddable":true,"href":"https:\/\/areabadalona.com\/diario\/wp-json\/wp\/v2\/categories?post=6658"},{"taxonomy":"post_tag","embeddable":true,"href":"https:\/\/areabadalona.com\/diario\/wp-json\/wp\/v2\/tags?post=6658"}],"curies":[{"name":"wp","href":"https:\/\/api.w.org\/{rel}","templated":true}]}}