{"id":6655,"date":"2024-03-18T10:18:15","date_gmt":"2024-03-18T10:18:15","guid":{"rendered":"https:\/\/areabadalona.com\/diario\/?p=6655"},"modified":"2024-03-18T10:18:16","modified_gmt":"2024-03-18T10:18:16","slug":"lajuntament-de-badalona-esten-lexperiencia-del-projecte-histories-de-vida-del-barri-de-la-salut-un-documental-realitzat-amb-lobjectiu-de-coneixer-el-passa","status":"publish","type":"post","link":"https:\/\/areabadalona.com\/diario\/2024\/03\/18\/lajuntament-de-badalona-esten-lexperiencia-del-projecte-histories-de-vida-del-barri-de-la-salut-un-documental-realitzat-amb-lobjectiu-de-coneixer-el-passa\/","title":{"rendered":"L\u2019Ajuntament de Badalona est\u00e9n l\u2019experi\u00e8ncia del projecte \u2018Hist\u00f2ries de vida del barri de la Salut\u2019, un documental realitzat amb l\u2019objectiu de con\u00e8ixer el passat recent dels barris de la ciutat"},"content":{"rendered":"\n<p>L\u2019Ajuntament, a trav\u00e9s el Servei de Mediaci\u00f3, estendr\u00e0 al llarg d\u2019aquest any, als centres educatius de Badalona i a la ciutadania en general, l\u2019experi\u00e8ncia&nbsp; del documental <em>Hist\u00f2ries de vida del barri de la Salut<\/em>, un projecte que forma part del programa \u201cBarris i comunitat: motors de transformaci\u00f3 social\u201d que, amb el suport de la Diputaci\u00f3 de Barcelona, s\u2019ha portat a terme als barris de la Salut i de Llefi\u00e0.<\/p>\n\n\n\n<p>Un dels objectius d\u2019aquest programa \u00e9s incidir en els aspectes socials, especialment en les situacions de vulnerabilitat, i contribuint a reduir les desigualtats, promoure la conviv\u00e8ncia inclusiva i refor\u00e7ar el paper de la comunitat en els llocs de relaci\u00f3 i participaci\u00f3 ve\u00efnal, com els espais p\u00fablics, les comunitats ve\u00efnals i els equipaments municipals.<\/p>\n\n\n\n<p>Per portar-ho a terme es proposen accions per empoderar el ve\u00efnat perqu\u00e8 tingui un paper actiu en el proc\u00e9s de transformaci\u00f3 del barri refor\u00e7ant vincles de confian\u00e7a i la cohesi\u00f3.<\/p>\n\n\n\n<p>A finals de l\u2019any passat es va estrenar a Badalona el documental <em>Hist\u00f2ries de vida del barri de la Salut, <\/em>en el qual hi va participar el ve\u00efnat i les entitats del barri, per narrar les seves experi\u00e8ncies i viv\u00e8ncies. Per fer-ho es va posar en valor la col\u00b7laboraci\u00f3 i l\u2019organitzaci\u00f3 ve\u00efnal apuntant propostes de millora del districte. L\u2019objectiu del treball era generar cohesi\u00f3 social i sentiment de pertinen\u00e7a de comunitat.<\/p>\n\n\n\n<p>Des de l\u2019estrena del documental el Servei de Mediaci\u00f3 ja ha portat a terme diversos col\u00b7loquis, amb el suport dels instituts Enric Borr\u00e0s i Barres i Ones, en qu\u00e8 hi han participat els protagonistes del documental. La finalitat de fer p\u00fablica aquesta iniciativa \u00e9s divulgar les viv\u00e8ncies, les inquietuds i la mem\u00f2ria hist\u00f2rica intergeneracional dels barris de la Salut i de Llefi\u00e0<\/p>\n\n\n\n<p>Aquesta proposta facilita als joves, i a la ciutadania en general, un espai de reflexi\u00f3 que permet tenir un contacte directe amb el seu entorn immediat i connectar-los amb les realitats dels barris de la ciutat.<\/p>\n\n\n\n<p>El documental <em>Hist\u00f2ries de vida del barri de la Salut<\/em> es podr\u00e0 veure el proper <strong>dimecres, 20 de mar\u00e7<\/strong>, l\u2019Institut La Llauna, on es far\u00e0 un col\u00b7loqui dirigit al seu alumnat, i el <strong>dijous 11 d\u2019abril, de 18 a 20 hores, al Centre C\u00edvic de la Salut<\/strong>, obert a tota la ciutadania.<\/p>\n","protected":false},"excerpt":{"rendered":"<p>L\u2019Ajuntament, a trav\u00e9s el Servei de Mediaci\u00f3, estendr\u00e0 al llarg d\u2019aquest any, als centres educatius de Badalona i a la ciutadania en general, l\u2019experi\u00e8ncia&nbsp; del documental Hist\u00f2ries de vida del barri de la Salut, un projecte que forma part del programa \u201cBarris i comunitat: motors de transformaci\u00f3 social\u201d que, amb el suport de la Diputaci\u00f3 [&hellip;]<\/p>\n","protected":false},"author":2,"featured_media":6656,"comment_status":"open","ping_status":"open","sticky":false,"template":"","format":"standard","meta":{"footnotes":""},"categories":[23],"tags":[],"class_list":{"0":"post-6655","1":"post","2":"type-post","3":"status-publish","4":"format-standard","5":"has-post-thumbnail","7":"category-actualitat"},"_links":{"self":[{"href":"https:\/\/areabadalona.com\/diario\/wp-json\/wp\/v2\/posts\/6655","targetHints":{"allow":["GET"]}}],"collection":[{"href":"https:\/\/areabadalona.com\/diario\/wp-json\/wp\/v2\/posts"}],"about":[{"href":"https:\/\/areabadalona.com\/diario\/wp-json\/wp\/v2\/types\/post"}],"author":[{"embeddable":true,"href":"https:\/\/areabadalona.com\/diario\/wp-json\/wp\/v2\/users\/2"}],"replies":[{"embeddable":true,"href":"https:\/\/areabadalona.com\/diario\/wp-json\/wp\/v2\/comments?post=6655"}],"version-history":[{"count":1,"href":"https:\/\/areabadalona.com\/diario\/wp-json\/wp\/v2\/posts\/6655\/revisions"}],"predecessor-version":[{"id":6657,"href":"https:\/\/areabadalona.com\/diario\/wp-json\/wp\/v2\/posts\/6655\/revisions\/6657"}],"wp:featuredmedia":[{"embeddable":true,"href":"https:\/\/areabadalona.com\/diario\/wp-json\/wp\/v2\/media\/6656"}],"wp:attachment":[{"href":"https:\/\/areabadalona.com\/diario\/wp-json\/wp\/v2\/media?parent=6655"}],"wp:term":[{"taxonomy":"category","embeddable":true,"href":"https:\/\/areabadalona.com\/diario\/wp-json\/wp\/v2\/categories?post=6655"},{"taxonomy":"post_tag","embeddable":true,"href":"https:\/\/areabadalona.com\/diario\/wp-json\/wp\/v2\/tags?post=6655"}],"curies":[{"name":"wp","href":"https:\/\/api.w.org\/{rel}","templated":true}]}}