{"id":6652,"date":"2024-03-18T10:15:39","date_gmt":"2024-03-18T10:15:39","guid":{"rendered":"https:\/\/areabadalona.com\/diario\/?p=6652"},"modified":"2024-03-18T10:16:46","modified_gmt":"2024-03-18T10:16:46","slug":"aida-llaurado-demana-explicacions-al-govern-del-pp-per-no-programar-ni-una-sola-actuacio-a-la-iniciativa-cap-butaca-buida","status":"publish","type":"post","link":"https:\/\/areabadalona.com\/diario\/2024\/03\/18\/aida-llaurado-demana-explicacions-al-govern-del-pp-per-no-programar-ni-una-sola-actuacio-a-la-iniciativa-cap-butaca-buida\/","title":{"rendered":"A\u00efda Llaurad\u00f3 demana explicacions al govern del PP per no programar ni una sola actuaci\u00f3 a la iniciativa \u201cCap Butaca Buida\u201d"},"content":{"rendered":"\n<p>La Diputada adjunta de Cultura a la Diputaci\u00f3 de Barcelona, A\u00efda Llaurad\u00f3, i regidora de Badalona En Com\u00fa Podem, valora molt positivament l\u2019\u00e8xit que ha tingut el C\u00edrcol a la iniciativa \u201cCap Butaca Buida\u201d, exhaurint les entrades del concert d\u2019Andrea Motis i Josep Traver.<\/p>\n\n\n\n<p>L\u2019objectiu d\u2019omplir totes les localitats s\u2019ha aconseguit gr\u00e0cies a l\u2019entitat del C\u00edrcol, ja que ha estat l\u2019\u00fanic en fer programaci\u00f3 aquest dissabte 16 de mar\u00e7. En aquest sentit, Llaurad\u00f3 felicita el comprom\u00eds i l\u2019\u00e8xit del C\u00edrcol, i lamenta la falta de comprom\u00eds amb la cultura per part del govern del PP, que no ha programat ni una sola actuaci\u00f3. Segons explica Llaurad\u00f3 a un v\u00eddeo publicat a les xarxes socials, l\u2019Ajuntament de Badalona disposava del \u201cPrograma.Cat\u201d on la Diputaci\u00f3 de Barcelona i la Generalitat havien fet una convocat\u00f2ria extraordin\u00e0ria per facilitar als teatres p\u00fablics de la prov\u00edncia programar un espectacle pel dia 16 de mar\u00e7, i afavorir aix\u00ed la participaci\u00f3 de tots els municipis a \u201cCap Butaca Buida\u201d. Tot i aix\u00ed, l\u2019Ajuntament de Badalona ha renunciat a participar-hi.<\/p>\n\n\n\n<p>Segons declara Llaurad\u00f3: \u201c<strong>Exigim explicacions al govern del PP per no haver participat de la primera diada del teatre a Catalunya, tenint 3 teatres p\u00fablics que haurien d\u2019estar a disposici\u00f3 de la ciutadania i fomentar les arts esc\u00e8niques en un dia tant important com el 16 de mar\u00e7, on institucions, entitats i tot el sector s\u2019hi ha volcat perqu\u00e8 sigui un \u00e8xit<\/strong>\u201d.<\/p>\n\n\n\n<p>Amb tot, aquest primer any la iniciativa de \u201cCap Butaca Buida\u201d ha aconseguit superar els 55.000 espectadors\/es, ha assolit el repte d\u2019omplir els teatres, amb 145 espais esc\u00e8nics de tot Catalunya, amb un 92% d\u2019ocupaci\u00f3, assolint el r\u00e8cord mundial d\u2019espectadors en teatres en un sol dia.<\/p>\n","protected":false},"excerpt":{"rendered":"<p>La Diputada adjunta de Cultura a la Diputaci\u00f3 de Barcelona, A\u00efda Llaurad\u00f3, i regidora de Badalona En Com\u00fa Podem, valora molt positivament l\u2019\u00e8xit que ha tingut el C\u00edrcol a la iniciativa \u201cCap Butaca Buida\u201d, exhaurint les entrades del concert d\u2019Andrea Motis i Josep Traver. L\u2019objectiu d\u2019omplir totes les localitats s\u2019ha aconseguit gr\u00e0cies a l\u2019entitat del [&hellip;]<\/p>\n","protected":false},"author":2,"featured_media":6654,"comment_status":"open","ping_status":"open","sticky":false,"template":"","format":"standard","meta":{"footnotes":""},"categories":[25],"tags":[],"class_list":{"0":"post-6652","1":"post","2":"type-post","3":"status-publish","4":"format-standard","5":"has-post-thumbnail","7":"category-cultura"},"_links":{"self":[{"href":"https:\/\/areabadalona.com\/diario\/wp-json\/wp\/v2\/posts\/6652","targetHints":{"allow":["GET"]}}],"collection":[{"href":"https:\/\/areabadalona.com\/diario\/wp-json\/wp\/v2\/posts"}],"about":[{"href":"https:\/\/areabadalona.com\/diario\/wp-json\/wp\/v2\/types\/post"}],"author":[{"embeddable":true,"href":"https:\/\/areabadalona.com\/diario\/wp-json\/wp\/v2\/users\/2"}],"replies":[{"embeddable":true,"href":"https:\/\/areabadalona.com\/diario\/wp-json\/wp\/v2\/comments?post=6652"}],"version-history":[{"count":1,"href":"https:\/\/areabadalona.com\/diario\/wp-json\/wp\/v2\/posts\/6652\/revisions"}],"predecessor-version":[{"id":6653,"href":"https:\/\/areabadalona.com\/diario\/wp-json\/wp\/v2\/posts\/6652\/revisions\/6653"}],"wp:featuredmedia":[{"embeddable":true,"href":"https:\/\/areabadalona.com\/diario\/wp-json\/wp\/v2\/media\/6654"}],"wp:attachment":[{"href":"https:\/\/areabadalona.com\/diario\/wp-json\/wp\/v2\/media?parent=6652"}],"wp:term":[{"taxonomy":"category","embeddable":true,"href":"https:\/\/areabadalona.com\/diario\/wp-json\/wp\/v2\/categories?post=6652"},{"taxonomy":"post_tag","embeddable":true,"href":"https:\/\/areabadalona.com\/diario\/wp-json\/wp\/v2\/tags?post=6652"}],"curies":[{"name":"wp","href":"https:\/\/api.w.org\/{rel}","templated":true}]}}