{"id":6649,"date":"2024-03-17T10:13:06","date_gmt":"2024-03-17T10:13:06","guid":{"rendered":"https:\/\/areabadalona.com\/diario\/?p=6649"},"modified":"2024-03-18T10:13:43","modified_gmt":"2024-03-18T10:13:43","slug":"lajuntament-de-badalona-atorga-la-venus-de-la-ciutat-a-lhospital-germans-trias-amb-motiu-de-la-celebracio-del-seu-40e-aniversari","status":"publish","type":"post","link":"https:\/\/areabadalona.com\/diario\/2024\/03\/17\/lajuntament-de-badalona-atorga-la-venus-de-la-ciutat-a-lhospital-germans-trias-amb-motiu-de-la-celebracio-del-seu-40e-aniversari\/","title":{"rendered":"L\u2019Ajuntament de Badalona atorga la Venus de la ciutat a l\u2019hospital Germans Trias, amb motiu de la celebraci\u00f3 del seu 40\u00e8 aniversari"},"content":{"rendered":"\n<p>L\u2019Ajuntament de Badalona ha atorgat la Venus de la ciutat a l\u2019hospital Germans Trias amb motiu de la celebraci\u00f3 del seu 40\u00e8 aniversari. En el transcurs d\u2019un sopar que es va celebrar ahir a la nit en el Palau Ol\u00edmpic de Badalona, l\u2019alcalde va lliurar el m\u00e0xim guard\u00f3 de Badalona al gerent territorial de l\u2019\u00c0rea Metropolitana Nord de l\u2019ICS, Jordi Ara.<\/p>\n\n\n\n<p>L\u2019acte, amb el qual es clausuraven els actes del 40\u00e8 aniversari del centre hospitalari, va comptar amb l\u2019assist\u00e8ncia de mig miler de persones, la gran majoria d\u2019elles professionals de l\u2019hospital. Tamb\u00e9 hi van assistir, com a convidats, diferents representants pol\u00edtics i socials, aix\u00ed com autoritats de l\u2019\u00e0mbit sanitari.<\/p>\n\n\n\n<p>Durant l\u2019acte, que va culminar amb past\u00eds d\u2019aniversari i la tradicional bufada d\u2019espelmes, es van repassar moltes de les activitats que el centre ha organitzat en els darrers dotze mesos. A m\u00e9s, la celebraci\u00f3 tamb\u00e9 va incloure animaci\u00f3, activitats i actuacions musicals, entre altres sorpreses.<\/p>\n\n\n\n<p>L\u2019alcalde va destacar la import\u00e0ncia crucial de l\u2019hospital Germans Trias en el territori i en la ciutat durant aquests 40 anys d\u2019hist\u00f2ria i va valorar el seu destacat paper, no nom\u00e9s en l\u2019\u00e0mbit assistencial, sin\u00f3 tamb\u00e9 en els camps de la investigaci\u00f3 i la innovaci\u00f3.<\/p>\n","protected":false},"excerpt":{"rendered":"<p>L\u2019Ajuntament de Badalona ha atorgat la Venus de la ciutat a l\u2019hospital Germans Trias amb motiu de la celebraci\u00f3 del seu 40\u00e8 aniversari. En el transcurs d\u2019un sopar que es va celebrar ahir a la nit en el Palau Ol\u00edmpic de Badalona, l\u2019alcalde va lliurar el m\u00e0xim guard\u00f3 de Badalona al gerent territorial de l\u2019\u00c0rea [&hellip;]<\/p>\n","protected":false},"author":2,"featured_media":6650,"comment_status":"open","ping_status":"open","sticky":false,"template":"","format":"standard","meta":{"footnotes":""},"categories":[23],"tags":[],"class_list":{"0":"post-6649","1":"post","2":"type-post","3":"status-publish","4":"format-standard","5":"has-post-thumbnail","7":"category-actualitat"},"_links":{"self":[{"href":"https:\/\/areabadalona.com\/diario\/wp-json\/wp\/v2\/posts\/6649","targetHints":{"allow":["GET"]}}],"collection":[{"href":"https:\/\/areabadalona.com\/diario\/wp-json\/wp\/v2\/posts"}],"about":[{"href":"https:\/\/areabadalona.com\/diario\/wp-json\/wp\/v2\/types\/post"}],"author":[{"embeddable":true,"href":"https:\/\/areabadalona.com\/diario\/wp-json\/wp\/v2\/users\/2"}],"replies":[{"embeddable":true,"href":"https:\/\/areabadalona.com\/diario\/wp-json\/wp\/v2\/comments?post=6649"}],"version-history":[{"count":1,"href":"https:\/\/areabadalona.com\/diario\/wp-json\/wp\/v2\/posts\/6649\/revisions"}],"predecessor-version":[{"id":6651,"href":"https:\/\/areabadalona.com\/diario\/wp-json\/wp\/v2\/posts\/6649\/revisions\/6651"}],"wp:featuredmedia":[{"embeddable":true,"href":"https:\/\/areabadalona.com\/diario\/wp-json\/wp\/v2\/media\/6650"}],"wp:attachment":[{"href":"https:\/\/areabadalona.com\/diario\/wp-json\/wp\/v2\/media?parent=6649"}],"wp:term":[{"taxonomy":"category","embeddable":true,"href":"https:\/\/areabadalona.com\/diario\/wp-json\/wp\/v2\/categories?post=6649"},{"taxonomy":"post_tag","embeddable":true,"href":"https:\/\/areabadalona.com\/diario\/wp-json\/wp\/v2\/tags?post=6649"}],"curies":[{"name":"wp","href":"https:\/\/api.w.org\/{rel}","templated":true}]}}