{"id":6646,"date":"2024-03-18T10:11:32","date_gmt":"2024-03-18T10:11:32","guid":{"rendered":"https:\/\/areabadalona.com\/diario\/?p=6646"},"modified":"2024-03-18T10:11:33","modified_gmt":"2024-03-18T10:11:33","slug":"badalona-celebra-la-7a-edicio-de-la-mobilona-la-diada-de-leducacio-viaria-de-la-ciutat","status":"publish","type":"post","link":"https:\/\/areabadalona.com\/diario\/2024\/03\/18\/badalona-celebra-la-7a-edicio-de-la-mobilona-la-diada-de-leducacio-viaria-de-la-ciutat\/","title":{"rendered":"Badalona celebra la 7a edici\u00f3 de la Mobilona, la diada de l\u2019educaci\u00f3 vi\u00e0ria de la ciutat"},"content":{"rendered":"\n<p>El <strong>dimarts 19 de mar\u00e7, de 10 a 12 hores, a la Zona Esportiva Can Cabanyes<\/strong>, es far\u00e0 la 7a edici\u00f3 de la Mobilona, la diada de l\u2019educaci\u00f3 vi\u00e0ria de Badalona. En aquesta nova edici\u00f3 hi participen 190 nens i nenes, de 3r de prim\u00e0ria, de les escoles Les Ci\u00e8ncies, Lestonnac, L\u00f3pez Torrej\u00f3n, Mare de D\u00e9u de la Salut, Miguel Hern\u00e1ndez i dels instituts escola Rafael Alberti i Tur\u00f3 d&#8217;en Caritg.<\/p>\n\n\n\n<p>El nom de Mobilona ve de la uni\u00f3 de l&#8217;inici i final de les dues primeres s\u00edl\u00b7labes de les paraules Mobilitat i Badalona. La Mobilona va n\u00e9ixer amb la voluntat d\u2019afavorir l\u2019adquisici\u00f3 de compet\u00e8ncies i el coneixement entre els infants dels drets que tenen com a vianants, passatgers de vehicles o conductors de bicicletes. La jornada pret\u00e9n fer pensar en les mesures i les actituds que cal prendre i tenir per caminar o despla\u00e7ar-se en vehicle per la ciutat d\u2019una forma segura i tranquil\u00b7la. L\u2019altre objectiu de la Mobilona \u00e9s contribuir al desenvolupament del concepte i pr\u00e0ctica de Badalona com a ciutat educadora.<\/p>\n\n\n\n<p>Aquesta activitat forma part del Pla de Seguretat i Educaci\u00f3 Vi\u00e0ria de Badalona (CPSEVB) i est\u00e0 vinculada a les que desenvolupa l\u2019equip d\u2019Educaci\u00f3 Vi\u00e0ria de la Gu\u00e0rdia Urbana a totes les escoles de la ciutat.<\/p>\n\n\n\n<p>En aquesta edici\u00f3 de la Mobilona els infants participen en diferents tallers i jocs promoguts per les entitats&nbsp; que formen part de la CPSEVB. L&#8217;activitat comptar\u00e0 amb les m\u00fasiques de Paula y Javier D&#8217;Angelo i s&#8217;escoltaran i ballaran les&nbsp; can\u00e7ons <em>Cam\u00ed amic<\/em>&nbsp;i <em>En patinet<\/em>, que s&#8217;estrena en aquesta Mobilona.<\/p>\n\n\n\n<p>La 7a Mobilona est\u00e0 organitzada pels set centres que hi participen, per les entitats que han organitzat els tallers, per l&#8217;equip d&#8217;Educaci\u00f3 Vi\u00e0ria de la Gu\u00e0rdia Urbana i pel Servei d&#8217;Educaci\u00f3, amb la col\u00b7laboraci\u00f3 del Servei d&#8217;Esports de l&#8217;Ajuntament de Badalona.<\/p>\n\n\n\n<p>A la Comissi\u00f3 del Pla de Seguretat i Educaci\u00f3 Vi\u00e0ria de Badalona i a la Mobilona hi participen aquestes entitats, empreses, centres, serveis i institucions:<\/p>\n\n\n\n<p>Associaci\u00f3 pel desenvolupament de l\u2019educaci\u00f3 vi\u00e0ria a Catalunya (ADEVIC); Direxis TUSGSAL; escoles: Les Ci\u00e8ncies, Lestonnac, L\u00f3pez Torrej\u00f3n, Mare de D\u00e9u de la Salut, Miguel Hern\u00e1ndez; instituts escoles: Rafael Alberti i Tur\u00f3 d&#8217;en Caritg; Grup de Treball de materials did\u00e0ctics d&#8217;educaci\u00f3 vi\u00e0ria (PFZ) del CRP de la Generalitat de Catalunya; Institut Guttmann; RACC; Servei Catal\u00e0 de Tr\u00e0nsit (SCT GC); Sistema d&#8217;Emerg\u00e8ncies M\u00e8diques (SEM GC) i Ambul\u00e0ncies La Pau SCCL; Sport Ciclista B\u00e9tulo; STOP Accidentes; TRAM; Xarxa Municipal de Biblioteques de Badalona; Consell de la Mobilitat Sostenible i del Transport P\u00fablic; Departament de Mobilitat; Equip d&#8217;Educaci\u00f3 Vi\u00e0ria de la Gu\u00e0rdia Urbana, i Servei d&#8217;Educaci\u00f3 de l&#8217;Ajuntament de Badalona.<\/p>\n","protected":false},"excerpt":{"rendered":"<p>El dimarts 19 de mar\u00e7, de 10 a 12 hores, a la Zona Esportiva Can Cabanyes, es far\u00e0 la 7a edici\u00f3 de la Mobilona, la diada de l\u2019educaci\u00f3 vi\u00e0ria de Badalona. En aquesta nova edici\u00f3 hi participen 190 nens i nenes, de 3r de prim\u00e0ria, de les escoles Les Ci\u00e8ncies, Lestonnac, L\u00f3pez Torrej\u00f3n, Mare de [&hellip;]<\/p>\n","protected":false},"author":2,"featured_media":6647,"comment_status":"open","ping_status":"open","sticky":false,"template":"","format":"standard","meta":{"footnotes":""},"categories":[23],"tags":[],"class_list":{"0":"post-6646","1":"post","2":"type-post","3":"status-publish","4":"format-standard","5":"has-post-thumbnail","7":"category-actualitat"},"_links":{"self":[{"href":"https:\/\/areabadalona.com\/diario\/wp-json\/wp\/v2\/posts\/6646","targetHints":{"allow":["GET"]}}],"collection":[{"href":"https:\/\/areabadalona.com\/diario\/wp-json\/wp\/v2\/posts"}],"about":[{"href":"https:\/\/areabadalona.com\/diario\/wp-json\/wp\/v2\/types\/post"}],"author":[{"embeddable":true,"href":"https:\/\/areabadalona.com\/diario\/wp-json\/wp\/v2\/users\/2"}],"replies":[{"embeddable":true,"href":"https:\/\/areabadalona.com\/diario\/wp-json\/wp\/v2\/comments?post=6646"}],"version-history":[{"count":1,"href":"https:\/\/areabadalona.com\/diario\/wp-json\/wp\/v2\/posts\/6646\/revisions"}],"predecessor-version":[{"id":6648,"href":"https:\/\/areabadalona.com\/diario\/wp-json\/wp\/v2\/posts\/6646\/revisions\/6648"}],"wp:featuredmedia":[{"embeddable":true,"href":"https:\/\/areabadalona.com\/diario\/wp-json\/wp\/v2\/media\/6647"}],"wp:attachment":[{"href":"https:\/\/areabadalona.com\/diario\/wp-json\/wp\/v2\/media?parent=6646"}],"wp:term":[{"taxonomy":"category","embeddable":true,"href":"https:\/\/areabadalona.com\/diario\/wp-json\/wp\/v2\/categories?post=6646"},{"taxonomy":"post_tag","embeddable":true,"href":"https:\/\/areabadalona.com\/diario\/wp-json\/wp\/v2\/tags?post=6646"}],"curies":[{"name":"wp","href":"https:\/\/api.w.org\/{rel}","templated":true}]}}