{"id":6643,"date":"2024-03-15T12:40:01","date_gmt":"2024-03-15T12:40:01","guid":{"rendered":"https:\/\/areabadalona.com\/diario\/?p=6643"},"modified":"2024-03-15T12:40:02","modified_gmt":"2024-03-15T12:40:02","slug":"les-esperades-obres-de-construccio-del-viaducte-del-ferrocarril-sobre-el-canal-del-gorg-de-badalona-comencaran-la-segona-quinzena-dabril","status":"publish","type":"post","link":"https:\/\/areabadalona.com\/diario\/2024\/03\/15\/les-esperades-obres-de-construccio-del-viaducte-del-ferrocarril-sobre-el-canal-del-gorg-de-badalona-comencaran-la-segona-quinzena-dabril\/","title":{"rendered":"Les esperades obres de construcci\u00f3 del viaducte del ferrocarril sobre el canal del Gorg de Badalona comen\u00e7aran la segona quinzena d\u2019abril"},"content":{"rendered":"\n<p>Les obres per a la construcci\u00f3 del viaducte del canal del Gorg ja tenen data d\u2019inici. L\u2019alcalde de Badalona, Xavier Garcia Albiol, ha anunciat que \u201cdespr\u00e9s de molts anys de retard, durant la segona quinzena d\u2019abril comen\u00e7aran les obres del viaducte\u201d. La construcci\u00f3 d\u2019aquest pont per al ferrocarril de 180 metres de longitud entre els carrers de Ponent i de Tortosa permetr\u00e0 el pas del tren per sobre del nou canal del Gorg, una l\u00e0mina d\u2019aigua navegable de 32 metres d\u2019ample que, des del Port, s\u2019endinsa 325 metres a la ciutat. El viaducte tindr\u00e0 una estructura de 5 obertures, amb una separaci\u00f3 d\u2019entre 30 i 42 metres de llum. Est\u00e0 previst que el viaducte estigui en servei la tardor del 2025 i que el conjunt de les obres finalitzi l\u2019estiu del 2026.<\/p>\n\n\n\n<p>El conjunt d\u2019aquesta obra suposar\u00e0 una millora molt important pel que fa a la connexi\u00f3 dels barris del nord de Badalona amb la fa\u00e7ana mar\u00edtima, a trav\u00e9s de la rambla del Gorg i la urbanitzaci\u00f3 al voltant del canal. A la vegada, tamb\u00e9 comporta la millora de la connexi\u00f3 del Port, el front mar\u00edtim i els barris de La Mora i el Gorg amb la resta de la ciutat; la construcci\u00f3 d\u2019una nova rotonda de comunicaci\u00f3 que unir\u00e0 els carrers de Ponent i d\u2019Eduard Maristany i un pas inferior de 8 metres d\u2019ample per a vianants i vehicles d\u2019emerg\u00e8ncia i serveis pel carrer de Tortosa.&nbsp;<\/p>\n\n\n\n<p>L\u2019execuci\u00f3 de les obres del viaducte suposa una inversi\u00f3 de 15,4 milions d\u2019euros, segons el conveni signat entre ADIF, l\u2019entitat p\u00fablica depenent de l\u2019Estat que gestiona les infraestructures ferrovi\u00e0ries, l\u2019Ajuntament de Badalona i Marina Badalona. Marina Badalona, l\u2019entitat p\u00fablica participada per l\u2019Ajuntament i la Generalitat encarregada de la gesti\u00f3 i explotaci\u00f3 del Port de Badalona, aporta 10,5M\u20ac i l\u2019Ajuntament de Badalona participa amb 4,9M\u20ac. El conveni tamb\u00e9 incorpora la inversi\u00f3 per part d\u2019ADIF de 3,3M\u20ac en millores en la infraestructura ferrovi\u00e0ria entre Sant Adri\u00e0 del Bes\u00f2s i Badalona. Les obres les porta a terme la Uni\u00f3 Temporal de Negocis (UTE) Comsa-Dragados i inclouen els treballs necessaris per a la construcci\u00f3 del desviament provisional de les vies ferrovi\u00e0ries, obra essencial per no interrompre el servei de tren de la l\u00ednia Barcelona-Matar\u00f3-Ma\u00e7anet-Massanes, mentre es construeix el viaducte.<\/p>\n\n\n\n<p>Amb el canal del Gorg connectat amb el port, a l\u2019estiu de 2026, ser\u00e0 possible la creaci\u00f3 de nous amarratges per a 200 embarcacions motores de fins a 15 metres d\u2019eslora Al voltant del canal tamb\u00e9 s\u2019obriran 4.000 m2 de locals de serveis n\u00e0utics i gastronomia i es crear\u00e0 un nou bulevard urb\u00e0. Aquest espai esdevindr\u00e0 una nova centralitat de la ciutat, culminant un proc\u00e9s de transformaci\u00f3 i de regeneraci\u00f3 amb la substituci\u00f3 de la vella ind\u00fastria pesant i contaminant per un litoral amb activitats residencials, l\u00fadiques i econ\u00f2miques on els ve\u00efns podran gaudir d\u2019una ciutat oberta al mar. A m\u00e9s, totes aquestes millores facilitaran que el port de Badalona es converteixi en un motor econ\u00f2mic, social i d\u2019oci n\u00e0utic i que se situ\u00ef com un referent de l\u2019economia blava.<\/p>\n\n\n\n<p>Per al pr\u00f2xim 4 d\u2019abril est\u00e0 prevista al Museu de Badalona una jornada de treball amb representants de la societat econ\u00f2mica i social de la ciutat per explicar el projecte.<\/p>\n\n\n\n<p>L\u2019alcalde de Badalona, Xavier Garcia Albiol, ha posat de manifest que \u00abla construcci\u00f3 del viaducte i la connexi\u00f3 del canal i el port suposaran l\u2019obra de vertebraci\u00f3 de la ciutat m\u00e9s important dels darrers vint anys\u201d. \u201cEstem parlant d\u2019una obra que suposar\u00e0 una transformaci\u00f3 important\u00edssima de Badalona, que a partir de 2026 destacar\u00e0 per tenir un gran bulevard urb\u00e0 obert al mar del qual podran gaudir els ve\u00efns de la ciutat\u201d, ha explicat Garcia Albiol. \u201cAquesta transformaci\u00f3 de la zona del Gorg suposar\u00e0 tamb\u00e9 la configuraci\u00f3 d\u2019una nova centralitat a la ciutat de Badalona\u201d, ha afegit l\u2019alcalde.<\/p>\n","protected":false},"excerpt":{"rendered":"<p>Les obres per a la construcci\u00f3 del viaducte del canal del Gorg ja tenen data d\u2019inici. L\u2019alcalde de Badalona, Xavier Garcia Albiol, ha anunciat que \u201cdespr\u00e9s de molts anys de retard, durant la segona quinzena d\u2019abril comen\u00e7aran les obres del viaducte\u201d. La construcci\u00f3 d\u2019aquest pont per al ferrocarril de 180 metres de longitud entre els [&hellip;]<\/p>\n","protected":false},"author":2,"featured_media":6644,"comment_status":"open","ping_status":"open","sticky":false,"template":"","format":"standard","meta":{"footnotes":""},"categories":[23],"tags":[],"class_list":{"0":"post-6643","1":"post","2":"type-post","3":"status-publish","4":"format-standard","5":"has-post-thumbnail","7":"category-actualitat"},"_links":{"self":[{"href":"https:\/\/areabadalona.com\/diario\/wp-json\/wp\/v2\/posts\/6643","targetHints":{"allow":["GET"]}}],"collection":[{"href":"https:\/\/areabadalona.com\/diario\/wp-json\/wp\/v2\/posts"}],"about":[{"href":"https:\/\/areabadalona.com\/diario\/wp-json\/wp\/v2\/types\/post"}],"author":[{"embeddable":true,"href":"https:\/\/areabadalona.com\/diario\/wp-json\/wp\/v2\/users\/2"}],"replies":[{"embeddable":true,"href":"https:\/\/areabadalona.com\/diario\/wp-json\/wp\/v2\/comments?post=6643"}],"version-history":[{"count":1,"href":"https:\/\/areabadalona.com\/diario\/wp-json\/wp\/v2\/posts\/6643\/revisions"}],"predecessor-version":[{"id":6645,"href":"https:\/\/areabadalona.com\/diario\/wp-json\/wp\/v2\/posts\/6643\/revisions\/6645"}],"wp:featuredmedia":[{"embeddable":true,"href":"https:\/\/areabadalona.com\/diario\/wp-json\/wp\/v2\/media\/6644"}],"wp:attachment":[{"href":"https:\/\/areabadalona.com\/diario\/wp-json\/wp\/v2\/media?parent=6643"}],"wp:term":[{"taxonomy":"category","embeddable":true,"href":"https:\/\/areabadalona.com\/diario\/wp-json\/wp\/v2\/categories?post=6643"},{"taxonomy":"post_tag","embeddable":true,"href":"https:\/\/areabadalona.com\/diario\/wp-json\/wp\/v2\/tags?post=6643"}],"curies":[{"name":"wp","href":"https:\/\/api.w.org\/{rel}","templated":true}]}}