{"id":6640,"date":"2024-03-15T09:42:51","date_gmt":"2024-03-15T09:42:51","guid":{"rendered":"https:\/\/areabadalona.com\/diario\/?p=6640"},"modified":"2024-03-15T09:42:52","modified_gmt":"2024-03-15T09:42:52","slug":"del-18-al-21-de-marc-es-celebren-les-jornades-dorientacio-educativa-de-badalona","status":"publish","type":"post","link":"https:\/\/areabadalona.com\/diario\/2024\/03\/15\/del-18-al-21-de-marc-es-celebren-les-jornades-dorientacio-educativa-de-badalona\/","title":{"rendered":"Del 18 al 21 de mar\u00e7 es celebren les Jornades d&#8217;Orientaci\u00f3 Educativa de Badalona"},"content":{"rendered":"\n<p>Badalona celebra des del dilluns 18 fins al dijous 21 de mar\u00e7 les Jornades d\u2019Orientaci\u00f3 Educativa \u201cImagina el teu futur\u201d, una iniciativa adre\u00e7ada als joves de 3r i 4t d&#8217;ESO, les seves fam\u00edlies i els professionals de l&#8217;\u00e0mbit educatiu que els acompanyen en el tr\u00e0nsit cap a la formaci\u00f3 postobligat\u00f2ria. Durant els quatre dies de les jornades es podr\u00e0 assistir en diversos punts de la ciutat a pon\u00e8ncies, xerrades, tallers i mostres d&#8217;experi\u00e8ncies que tenen l\u2019objectiu de donar a con\u00e8ixer l&#8217;oferta formativa de la ciutat i motivar els joves a continuar els seus estudis.<\/p>\n\n\n\n<p>Les Jornades s\u2019inauguraran dilluns a les 18 hores al Museu de Badalona amb una xerrada i taula rodona posterior amb diversos experts centrada a donar recursos i eines d\u2019orientaci\u00f3 a les fam\u00edlies i professionals per motivar als adolescents en els seus estudis. La regidora d\u2019Educaci\u00f3 i Cultura de l\u2019Ajuntament de Badalona, Vanesa Gonz\u00e0lez, donar\u00e0 la benvinguda als assistents i s\u2019encarregar\u00e0 d\u2019introduir la pon\u00e8ncia.<\/p>\n\n\n\n<p>En els dies posteriors a la inauguraci\u00f3 (19, 20 i 21 de mar\u00e7), les activitats programades al mat\u00ed estaran dirigides a l\u2019alumnat i les de les tardes a les fam\u00edlies i professionals del m\u00f3n de l\u2019educaci\u00f3.<\/p>\n\n\n\n<p>Dimarts 19 les activitats es faran al Centre Cultural el Carme. Entre les 9.30 i les 13.30 hores hi haur\u00e0 una xerrada sobre els itineraris vitals despr\u00e9s de l\u2019ESO i una mostra de les diverses opcions professional dels Programes de formaci\u00f3 i inserci\u00f3 (PFI). El mateix dimarts al mat\u00ed, al Centre C\u00edvic La Salut es far\u00e0 una pon\u00e8ncia sobre la Formaci\u00f3 Professional dual i una altra sobre compet\u00e8ncies transversals. En el mateix centre c\u00edvic, a partir de les 18.30 hores, hi haur\u00e0 una xerrada per orientar els joves en la tria del batxillerat.<\/p>\n\n\n\n<p>Les activitats de dimecres 20 es faran al Conservatori Professional de M\u00fasica de Badalona. Al mat\u00ed, a partir de les 10 hores, s\u2019impartir\u00e0 diversos tallers d\u2019acompanyament emocional per dotar als joves de recursos per guanyar en confian\u00e7a i motivaci\u00f3 per arribar als seus objectius. A la tarda, a partir de les 18.30 hores, el Conservatori acollir\u00e0 una xerrada orientativa sobre l\u2019etapa posterior a l\u2019ESO.<\/p>\n\n\n\n<p>Les Jornades d&#8217;Orientaci\u00f3 Educativa de Badalona es tancaran dijous 21 al mat\u00ed en una sessi\u00f3 adre\u00e7ada als joves interessats en l\u2019itinerari art\u00edstic que es celebrar\u00e0 al Teatre Zorrilla entre les 10 i les 13.30 hores. L\u2019activitat comptar\u00e0 amb espectacles, mostres i tota la informaci\u00f3 sobre l\u2019oferta d\u2019estudis de l\u2019\u00e0mbit art\u00edstic que hi ha Badalona. Com a punt final a la jornada hi haur\u00e0 l\u2019actuaci\u00f3 en format de teatre improvisat, el 2n espectacle m\u00e9s vist de Catalunya, <em>l\u2019Improshow!<\/em><\/p>\n\n\n\n<p>Podeu consultar amb detall totes les activitats programades i fer les vostres inscripcions en aquest <a href=\"https:\/\/www.badalona.cat\/ca\/serveis-ajuntament\/educacio-i-formacio\/escolaritzacio\/jornades-dorientacio-educativa-imagina-el-teu-futur-1\/programa-jornades-dorientacio-educativa.pdf\">enlla\u00e7<\/a>.<\/p>\n","protected":false},"excerpt":{"rendered":"<p>Badalona celebra des del dilluns 18 fins al dijous 21 de mar\u00e7 les Jornades d\u2019Orientaci\u00f3 Educativa \u201cImagina el teu futur\u201d, una iniciativa adre\u00e7ada als joves de 3r i 4t d&#8217;ESO, les seves fam\u00edlies i els professionals de l&#8217;\u00e0mbit educatiu que els acompanyen en el tr\u00e0nsit cap a la formaci\u00f3 postobligat\u00f2ria. Durant els quatre dies de [&hellip;]<\/p>\n","protected":false},"author":2,"featured_media":6641,"comment_status":"open","ping_status":"open","sticky":false,"template":"","format":"standard","meta":{"footnotes":""},"categories":[24],"tags":[],"class_list":{"0":"post-6640","1":"post","2":"type-post","3":"status-publish","4":"format-standard","5":"has-post-thumbnail","7":"category-societat"},"_links":{"self":[{"href":"https:\/\/areabadalona.com\/diario\/wp-json\/wp\/v2\/posts\/6640","targetHints":{"allow":["GET"]}}],"collection":[{"href":"https:\/\/areabadalona.com\/diario\/wp-json\/wp\/v2\/posts"}],"about":[{"href":"https:\/\/areabadalona.com\/diario\/wp-json\/wp\/v2\/types\/post"}],"author":[{"embeddable":true,"href":"https:\/\/areabadalona.com\/diario\/wp-json\/wp\/v2\/users\/2"}],"replies":[{"embeddable":true,"href":"https:\/\/areabadalona.com\/diario\/wp-json\/wp\/v2\/comments?post=6640"}],"version-history":[{"count":1,"href":"https:\/\/areabadalona.com\/diario\/wp-json\/wp\/v2\/posts\/6640\/revisions"}],"predecessor-version":[{"id":6642,"href":"https:\/\/areabadalona.com\/diario\/wp-json\/wp\/v2\/posts\/6640\/revisions\/6642"}],"wp:featuredmedia":[{"embeddable":true,"href":"https:\/\/areabadalona.com\/diario\/wp-json\/wp\/v2\/media\/6641"}],"wp:attachment":[{"href":"https:\/\/areabadalona.com\/diario\/wp-json\/wp\/v2\/media?parent=6640"}],"wp:term":[{"taxonomy":"category","embeddable":true,"href":"https:\/\/areabadalona.com\/diario\/wp-json\/wp\/v2\/categories?post=6640"},{"taxonomy":"post_tag","embeddable":true,"href":"https:\/\/areabadalona.com\/diario\/wp-json\/wp\/v2\/tags?post=6640"}],"curies":[{"name":"wp","href":"https:\/\/api.w.org\/{rel}","templated":true}]}}