{"id":6637,"date":"2024-03-15T09:41:29","date_gmt":"2024-03-15T09:41:29","guid":{"rendered":"https:\/\/areabadalona.com\/diario\/?p=6637"},"modified":"2024-03-15T09:41:30","modified_gmt":"2024-03-15T09:41:30","slug":"el-parc-de-can-solei-i-de-ca-larnus-acull-aquest-divendres-la-badaorientacio-una-activitat-del-badasport","status":"publish","type":"post","link":"https:\/\/areabadalona.com\/diario\/2024\/03\/15\/el-parc-de-can-solei-i-de-ca-larnus-acull-aquest-divendres-la-badaorientacio-una-activitat-del-badasport\/","title":{"rendered":"El parc de Can Solei i de Ca l\u2019Arn\u00fas acull aquest divendres la Badaorientaci\u00f3, una activitat del Badasport"},"content":{"rendered":"\n<p>El parc de Can Solei i de Ca l\u2019Arn\u00fas acull aquest divendres, 15 de mar\u00e7, una nova edici\u00f3 de la Badaorientaci\u00f3, la quarta activitat del Badasport, que consisteix en diferents proves d\u2019orientaci\u00f3 que es fan per diversos camins i espais del parc. En aquesta activitat hi participen 1.590 nois i noies de quart de prim\u00e0ria de trenta-set escoles de la ciutat.<\/p>\n\n\n\n<p>El Badasport continuar\u00e0 al llarg del curs amb dues activitats m\u00e9s: la Badajoc (a finals del mes d\u2019abril) i la Badaplatja (a mitjan del mes de juny).<\/p>\n\n\n\n<p>En aquesta 24a edici\u00f3 del Badasport hi participen aquestes 37 escoles:<\/p>\n\n\n\n<p>Antoni Botey, Artur Martorell, Badalona Port, Baldiri Reixac, Baldomer Sol\u00e0, Bufal\u00e0, Cascavell (SAB), Gitanjali, \u00cdtaca, Joan Coret, Joan Llongueras, Joan Mir\u00f3, Josep Boada, Josep Carner, Jungfrau, La Mina (SAB), Les Ci\u00e8ncies, Lestonnac, Lola Anglada, Llibertat, Llorens Artigas, Margarida Xirgu, Merc\u00e8 Rodoreda, Miguel Hern\u00e1ndez, Montigal\u00e0, Pau Picasso, Pere de Tera, Planas i Casals, Pompeu Fabra (SAB), Progr\u00e9s, Rafael Alberti, Rafael Casanova, Salesians Badalona, Salvador Espriu, Sant Jordi, Tur\u00f3 d\u2019en Caritg i Vent\u00f3s Mir.<\/p>\n\n\n\n<p>El Badasport 2023-24 est\u00e0 organitzat pel Grup de Mestres d\u2019Educaci\u00f3 F\u00edsica de Prim\u00e0ria de Badalona, pel Centre de Recursos Pedag\u00f2gics de la Generalitat i pels Serveis d\u2019Educaci\u00f3 i d\u2019Esports de l\u2019Ajuntament de Badalona.<\/p>\n","protected":false},"excerpt":{"rendered":"<p>El parc de Can Solei i de Ca l\u2019Arn\u00fas acull aquest divendres, 15 de mar\u00e7, una nova edici\u00f3 de la Badaorientaci\u00f3, la quarta activitat del Badasport, que consisteix en diferents proves d\u2019orientaci\u00f3 que es fan per diversos camins i espais del parc. En aquesta activitat hi participen 1.590 nois i noies de quart de prim\u00e0ria [&hellip;]<\/p>\n","protected":false},"author":2,"featured_media":6638,"comment_status":"open","ping_status":"open","sticky":false,"template":"","format":"standard","meta":{"footnotes":""},"categories":[23],"tags":[],"class_list":{"0":"post-6637","1":"post","2":"type-post","3":"status-publish","4":"format-standard","5":"has-post-thumbnail","7":"category-actualitat"},"_links":{"self":[{"href":"https:\/\/areabadalona.com\/diario\/wp-json\/wp\/v2\/posts\/6637","targetHints":{"allow":["GET"]}}],"collection":[{"href":"https:\/\/areabadalona.com\/diario\/wp-json\/wp\/v2\/posts"}],"about":[{"href":"https:\/\/areabadalona.com\/diario\/wp-json\/wp\/v2\/types\/post"}],"author":[{"embeddable":true,"href":"https:\/\/areabadalona.com\/diario\/wp-json\/wp\/v2\/users\/2"}],"replies":[{"embeddable":true,"href":"https:\/\/areabadalona.com\/diario\/wp-json\/wp\/v2\/comments?post=6637"}],"version-history":[{"count":1,"href":"https:\/\/areabadalona.com\/diario\/wp-json\/wp\/v2\/posts\/6637\/revisions"}],"predecessor-version":[{"id":6639,"href":"https:\/\/areabadalona.com\/diario\/wp-json\/wp\/v2\/posts\/6637\/revisions\/6639"}],"wp:featuredmedia":[{"embeddable":true,"href":"https:\/\/areabadalona.com\/diario\/wp-json\/wp\/v2\/media\/6638"}],"wp:attachment":[{"href":"https:\/\/areabadalona.com\/diario\/wp-json\/wp\/v2\/media?parent=6637"}],"wp:term":[{"taxonomy":"category","embeddable":true,"href":"https:\/\/areabadalona.com\/diario\/wp-json\/wp\/v2\/categories?post=6637"},{"taxonomy":"post_tag","embeddable":true,"href":"https:\/\/areabadalona.com\/diario\/wp-json\/wp\/v2\/tags?post=6637"}],"curies":[{"name":"wp","href":"https:\/\/api.w.org\/{rel}","templated":true}]}}