{"id":6634,"date":"2024-03-14T09:38:03","date_gmt":"2024-03-14T09:38:03","guid":{"rendered":"https:\/\/areabadalona.com\/diario\/?p=6634"},"modified":"2024-03-15T09:40:16","modified_gmt":"2024-03-15T09:40:16","slug":"jornada-formativa-per-coneixer-i-potenciar-les-persones-amb-altes-capacitats","status":"publish","type":"post","link":"https:\/\/areabadalona.com\/diario\/2024\/03\/14\/jornada-formativa-per-coneixer-i-potenciar-les-persones-amb-altes-capacitats\/","title":{"rendered":"Jornada formativa per con\u00e8ixer i potenciar les persones amb altes capacitats"},"content":{"rendered":"\n<p>Coincidint amb la celebraci\u00f3 aquest 14 de mar\u00e7 del Dia Mundial de les Altes Capacitats, l\u2019Ajuntament de Badalona ha organitzat la Jornada formativa \u201cBadalona altes capacitats: visibilitzem el talent\u201d que tindr\u00e0 lloc el <strong>dissabte 16 de mar\u00e7, de 9 a 14 hores, a la sala d\u2019actes del Badalona Centre Internacional de Negocis<\/strong>&nbsp;(BCIN). L\u2019acte comptar\u00e0 amb la pres\u00e8ncia de la quarta tinenta d\u2019alcalde i regidora de l\u2019\u00c0mbit de Comunicaci\u00f3, Fons Europeus i Protecci\u00f3 a les Persones, Rosa del Amo, i la regidora de l\u2019\u00c0rea de Gent Gran, Feminismes i LGTBIQ+ i Diversitat Funcional, Florencia Badia.<\/p>\n\n\n\n<p>L\u2019objectiu de la jornada, que compta amb la col\u00b7laboraci\u00f3 del Centre d\u2019Altes Capacitats Maria S. Dauder, \u00e9s aprofundir en el coneixement dels infants, adolescents o persones adultes amb altes capacitats per tal de poder entendre\u2019ls i atendre\u2019ls de manera que puguin desenvolupar plenament les seves capacitats.<\/p>\n\n\n\n<p>Les persones amb altes capacitats neixen amb aquest tret en el seu ADN. S\u00f3n perfils que en el seu desenvolupament i creixement pensen, viuen, senten i aprenen de manera diferent i aix\u00f2 els fa viure, moltes vegades, en un desencaix personal, social i escolar. Per aix\u00f2, cal dotar als docents, i a altres especialistes, de les eines i els recursos per tal de saber com treballar amb aquest alumnat de manera inclusiva en el seu proc\u00e9s d&#8217;aprenentatge. Tamb\u00e9 cal incloure la resta d\u2019agents, com ara la fam\u00edlia, per treballar entre tots pel benestar d\u2019aquestes persones.<\/p>\n\n\n\n<p><strong>PROGRAMA DE LA JORNADA<\/strong><\/p>\n\n\n\n<p><strong>8.30 a 9 hores. Acreditacions<\/strong><\/p>\n\n\n\n<p><strong>9.00 &#8211; 9.15 hores:<\/strong> <strong>Benvinguda institucional<\/strong>, a c\u00e0rrec de la regidora de l\u2019\u00c0rea de Gent Gran, Feminisme, LGTBIQ+ i Diversitat Funcional, Florencia Badia.<\/p>\n\n\n\n<p><strong>9.15 &#8211; 9.45 hores: Confer\u00e8ncia inaugural: \u201cAltes capacitats: una altra manera de ser, fer, sentir i estar\u201d<\/strong>, a c\u00e0rrec d\u2019Ester Rafel, doctora en psicologia, especialista en infanto-juvenil.<\/p>\n\n\n\n<p><strong>9.45 &#8211; 10.15 hores. Confer\u00e8ncia: \u201cDoblement excepcionals, doblement invisibles\u201d<\/strong>, a c\u00e0rrec de Maria S\u00e1nchez Dauder, psicopedagoga i experta universit\u00e0ria en intel\u00b7lig\u00e8ncies superiors i neuroci\u00e8ncia 10.15 &#8211; 11.00 h Taula rodona: \u201cConversem i compartim i aprenem\u201d, amb la participaci\u00f3 d\u2019: Anna Pag\u00e8s, presidenta de Fanjac-Girona i infermera de la Cl\u00ednica Girona; M\u00f2nica Berd\u00fan, persona amb altes capacitats; Arantxa Morales, testimoni de l\u2019experi\u00e8ncia de conviure amb un fill amb altes capacitats i doble excepcionalitat; Cristina M\u00e9ndez, docent d\u2019ESO i batxillerat i Irene Garrido, docent d\u2019educaci\u00f3 art\u00edstica i creativitat a l\u2019ESO i educaci\u00f3 prim\u00e0ria.<\/p>\n\n\n\n<p><strong>11.00 &#8211; 11.30 hores Pausa \/ caf\u00e8<\/strong><\/p>\n\n\n\n<p><strong>11.30 &#8211; 12.30 hores Taller 1<\/strong><\/p>\n\n\n\n<p>Docents: <strong>El pla individualitzat per a l\u00b4alumnat amb altes capacitats<\/strong>, a c\u00e0rrec d\u2019Olga Ventosa, psic\u00f2loga de l\u2019EAP.<\/p>\n\n\n\n<p>Fam\u00edlies: <strong>Assetjament escolar: com detectar i acompanyar els infants davant l\u00b4assetjament escolar<\/strong>, a c\u00e0rrec de Javier P\u00e9rez Aznar, psic\u00f2leg especialista en assetjament escolar (Programa Tei).<\/p>\n\n\n\n<p><strong>12.30 &#8211; 13.30 hores Taller 2<\/strong><\/p>\n\n\n\n<p>Docents: <strong>Les altes capacitats a l\u2019aula inclusiva. Eines i recursos<\/strong>, a c\u00e0rrec de Maria S\u00e1nchez Dauder.<\/p>\n\n\n\n<p>Fam\u00edlies: <strong>Gestionem les emocions en fam\u00edlia<\/strong>, a c\u00e0rrec de Marta Contreras Mart\u00ednez, <em>coach<\/em> sist\u00e8mica.<\/p>\n\n\n\n<p><strong>13.30 &#8211; 14.00 hores Conclusions i cloenda<\/strong>&nbsp;de la jornada.<\/p>\n\n\n\n<p>Inscripcions per a fam\u00edlies:<\/p>\n\n\n\n<p><a href=\"https:\/\/docs.google.com\/forms\/d\/e\/1FAIpQLSfzMc_3WZm_2d0bHX5f89nxPQIaeKGphaIzOP0oQI51YZPbNA\/viewform\">https:\/\/docs.google.com\/forms\/d\/e\/1FAIpQLSfzMc_3WZm_2d0bHX5f89nxPQIaeKGphaIzOP0oQI51YZPbNA\/viewform<\/a><\/p>\n\n\n\n<p>Inscripcions per a docents:<\/p>\n\n\n\n<p><a href=\"https:\/\/docs.google.com\/forms\/d\/e\/1FAIpQLScNO1MNxgZLOmgEYLThkwu4r7OacqNAyV52PHsBizFxwTn4xQ\/viewform\">https:\/\/docs.google.com\/forms\/d\/e\/1FAIpQLScNO1MNxgZLOmgEYLThkwu4r7OacqNAyV52PHsBizFxwTn4xQ\/viewform<\/a><\/p>\n","protected":false},"excerpt":{"rendered":"<p>Coincidint amb la celebraci\u00f3 aquest 14 de mar\u00e7 del Dia Mundial de les Altes Capacitats, l\u2019Ajuntament de Badalona ha organitzat la Jornada formativa \u201cBadalona altes capacitats: visibilitzem el talent\u201d que tindr\u00e0 lloc el dissabte 16 de mar\u00e7, de 9 a 14 hores, a la sala d\u2019actes del Badalona Centre Internacional de Negocis&nbsp;(BCIN). L\u2019acte comptar\u00e0 amb [&hellip;]<\/p>\n","protected":false},"author":2,"featured_media":6635,"comment_status":"open","ping_status":"open","sticky":false,"template":"","format":"standard","meta":{"footnotes":""},"categories":[23],"tags":[],"class_list":{"0":"post-6634","1":"post","2":"type-post","3":"status-publish","4":"format-standard","5":"has-post-thumbnail","7":"category-actualitat"},"_links":{"self":[{"href":"https:\/\/areabadalona.com\/diario\/wp-json\/wp\/v2\/posts\/6634","targetHints":{"allow":["GET"]}}],"collection":[{"href":"https:\/\/areabadalona.com\/diario\/wp-json\/wp\/v2\/posts"}],"about":[{"href":"https:\/\/areabadalona.com\/diario\/wp-json\/wp\/v2\/types\/post"}],"author":[{"embeddable":true,"href":"https:\/\/areabadalona.com\/diario\/wp-json\/wp\/v2\/users\/2"}],"replies":[{"embeddable":true,"href":"https:\/\/areabadalona.com\/diario\/wp-json\/wp\/v2\/comments?post=6634"}],"version-history":[{"count":1,"href":"https:\/\/areabadalona.com\/diario\/wp-json\/wp\/v2\/posts\/6634\/revisions"}],"predecessor-version":[{"id":6636,"href":"https:\/\/areabadalona.com\/diario\/wp-json\/wp\/v2\/posts\/6634\/revisions\/6636"}],"wp:featuredmedia":[{"embeddable":true,"href":"https:\/\/areabadalona.com\/diario\/wp-json\/wp\/v2\/media\/6635"}],"wp:attachment":[{"href":"https:\/\/areabadalona.com\/diario\/wp-json\/wp\/v2\/media?parent=6634"}],"wp:term":[{"taxonomy":"category","embeddable":true,"href":"https:\/\/areabadalona.com\/diario\/wp-json\/wp\/v2\/categories?post=6634"},{"taxonomy":"post_tag","embeddable":true,"href":"https:\/\/areabadalona.com\/diario\/wp-json\/wp\/v2\/tags?post=6634"}],"curies":[{"name":"wp","href":"https:\/\/api.w.org\/{rel}","templated":true}]}}