{"id":6631,"date":"2024-03-14T09:34:21","date_gmt":"2024-03-14T09:34:21","guid":{"rendered":"https:\/\/areabadalona.com\/diario\/?p=6631"},"modified":"2024-03-15T09:36:47","modified_gmt":"2024-03-15T09:36:47","slug":"lalcalde-de-badalona-demanara-al-departament-de-salut-el-trasllat-del-centre-delta-per-les-molesties-que-suposa-la-seva-proximitat-a-un-centre-educatiu","status":"publish","type":"post","link":"https:\/\/areabadalona.com\/diario\/2024\/03\/14\/lalcalde-de-badalona-demanara-al-departament-de-salut-el-trasllat-del-centre-delta-per-les-molesties-que-suposa-la-seva-proximitat-a-un-centre-educatiu\/","title":{"rendered":"L\u2019alcalde de Badalona demanar\u00e0 al Departament de Salut el trasllat del Centre Delta per les mol\u00e8sties que suposa la seva proximitat a un centre educatiu"},"content":{"rendered":"\n<p>L\u2019alcalde de Badalona, Xavier Garcia Albiol, sol\u00b7licitar\u00e0 al Departament de Salut de la Generalitat el trasllat del centre d\u2019Atenci\u00f3 i Seguiment de Drogodepend\u00e8ncies Delta a una altra ubicaci\u00f3, despr\u00e9s que des de fa temps s\u2019hagin anat repetint problemes derivats de la proximitat del centre Delta a un centre educatiu. El centre Delta es troba al carrer de les Termes Romanes de Badalona, just al costat de l\u2019edifici on el Col\u00b7legi Cultural imparteix els estudis de Batxillerat i Cicles Formatius. Aquest centre d\u2019atenci\u00f3 i seguiment de drogodependents ofereix una cartera de serveis del CatSalut i \u00e9s gestionat per Badalona Serveis Assistencials.<\/p>\n\n\n\n<p>Es dona la circumst\u00e0ncia que el passat 5 de mar\u00e7 un home va disparar diversos trets a un altre davant del Centre Delta, un fet que ha provocat l\u2019alarma de la comunitat educativa.<\/p>\n\n\n\n<p>L\u2019alcalde s\u2019ha reunit aquesta setmana amb la direcci\u00f3 del Col\u00b7legi Cultural i s\u2019ha comprom\u00e8s a treballar per buscar una nova ubicaci\u00f3 per al centre Delta. Per aix\u00f2, els ha comunicat que demanar\u00e0 una reuni\u00f3 amb el conseller de Salut, Manel Balcells, per traslladar-li la necessitat d\u2019abordar al m\u00e9s aviat possible el canvi d\u2019ubicaci\u00f3.<\/p>\n\n\n\n<p>Des del Col\u00b7legi Cultural han manifestat a l\u2019alcalde que, m\u00e9s enll\u00e0 de l\u2019incident amb arma de foc de fa uns dies, la pres\u00e8ncia dels usuaris del centre ja fa temps que provoca altres problemes, com ara la circulaci\u00f3 de vehicles que passen massa r\u00e0pid, baralles i el fet que alguns usuaris del centre Delta entrin a l\u2019escola per fer \u00fas dels serveis, per exemple.<\/p>\n\n\n\n<p>L\u2019alcalde de Badalona ha explicat que coincideix amb la direcci\u00f3 del Col\u00b7legi Cultural en la valoraci\u00f3 que caldria buscar una ubicaci\u00f3 m\u00e9s apropiada per al centre Delta. \u201cTot i que aquest centre fa molts anys que est\u00e0 en la mateixa ubicaci\u00f3, els fets estan demostrant que no pot continuar al costat d\u2019una escola i que aquesta q\u00fcesti\u00f3 s\u2019ha d\u2019abordar immediatament per trobar la soluci\u00f3 m\u00e9s adient\u201d, ha explicat l\u2019alcalde.<\/p>\n","protected":false},"excerpt":{"rendered":"<p>L\u2019alcalde de Badalona, Xavier Garcia Albiol, sol\u00b7licitar\u00e0 al Departament de Salut de la Generalitat el trasllat del centre d\u2019Atenci\u00f3 i Seguiment de Drogodepend\u00e8ncies Delta a una altra ubicaci\u00f3, despr\u00e9s que des de fa temps s\u2019hagin anat repetint problemes derivats de la proximitat del centre Delta a un centre educatiu. El centre Delta es troba al [&hellip;]<\/p>\n","protected":false},"author":2,"featured_media":6632,"comment_status":"open","ping_status":"open","sticky":false,"template":"","format":"standard","meta":{"footnotes":""},"categories":[23],"tags":[],"class_list":{"0":"post-6631","1":"post","2":"type-post","3":"status-publish","4":"format-standard","5":"has-post-thumbnail","7":"category-actualitat"},"_links":{"self":[{"href":"https:\/\/areabadalona.com\/diario\/wp-json\/wp\/v2\/posts\/6631","targetHints":{"allow":["GET"]}}],"collection":[{"href":"https:\/\/areabadalona.com\/diario\/wp-json\/wp\/v2\/posts"}],"about":[{"href":"https:\/\/areabadalona.com\/diario\/wp-json\/wp\/v2\/types\/post"}],"author":[{"embeddable":true,"href":"https:\/\/areabadalona.com\/diario\/wp-json\/wp\/v2\/users\/2"}],"replies":[{"embeddable":true,"href":"https:\/\/areabadalona.com\/diario\/wp-json\/wp\/v2\/comments?post=6631"}],"version-history":[{"count":1,"href":"https:\/\/areabadalona.com\/diario\/wp-json\/wp\/v2\/posts\/6631\/revisions"}],"predecessor-version":[{"id":6633,"href":"https:\/\/areabadalona.com\/diario\/wp-json\/wp\/v2\/posts\/6631\/revisions\/6633"}],"wp:featuredmedia":[{"embeddable":true,"href":"https:\/\/areabadalona.com\/diario\/wp-json\/wp\/v2\/media\/6632"}],"wp:attachment":[{"href":"https:\/\/areabadalona.com\/diario\/wp-json\/wp\/v2\/media?parent=6631"}],"wp:term":[{"taxonomy":"category","embeddable":true,"href":"https:\/\/areabadalona.com\/diario\/wp-json\/wp\/v2\/categories?post=6631"},{"taxonomy":"post_tag","embeddable":true,"href":"https:\/\/areabadalona.com\/diario\/wp-json\/wp\/v2\/tags?post=6631"}],"curies":[{"name":"wp","href":"https:\/\/api.w.org\/{rel}","templated":true}]}}