{"id":6608,"date":"2024-03-08T10:09:29","date_gmt":"2024-03-08T10:09:29","guid":{"rendered":"https:\/\/areabadalona.com\/diario\/?p=6608"},"modified":"2024-03-11T10:11:07","modified_gmt":"2024-03-11T10:11:07","slug":"lajuntament-de-badalona-ofereix-una-recepcio-oficial-a-marc-orts-guanyador-del-premi-goya-2024-al-millor-so-per-la-pel%c2%b7licula-la-sociedad-de-la-nieve","status":"publish","type":"post","link":"https:\/\/areabadalona.com\/diario\/2024\/03\/08\/lajuntament-de-badalona-ofereix-una-recepcio-oficial-a-marc-orts-guanyador-del-premi-goya-2024-al-millor-so-per-la-pel%c2%b7licula-la-sociedad-de-la-nieve\/","title":{"rendered":"L\u2019Ajuntament de Badalona ofereix una recepci\u00f3 oficial a Marc Orts, guanyador del premi Goya 2024 al millor so per la pel\u00b7l\u00edcula \u201cLa sociedad de la nieve\u201d"},"content":{"rendered":"\n<p>L\u2019Ajuntament de Badalona ha ofert aquest divendres al mat\u00ed una recepci\u00f3 oficial al t\u00e8cnic de so badalon\u00ed Marc Orts, que aquest any ha guanyat el Goya al millor so per la pel\u00b7l\u00edcula <em>La sociedad de la nieve<\/em>, del director Juan Antonio Bayona. Durant la recepci\u00f3 l\u2019alcalde de Badalona, Xavier Garcia Albiol, ha entregat a l\u2019homenatjat la Venus de Badalona, un s\u00edmbol de reconeixement de la ciutat.&nbsp;<\/p>\n\n\n\n<p>Aquest \u00e9s el set\u00e8 premi Goya que guanya Orts, qui ja va rebre el guard\u00f3 per la seva feina amb <em>El orfanat<\/em>o (2008); <em>Buried<\/em>&nbsp;(2011); <em>The Impossible<\/em> (2013); <em>El Ni\u00f1o <\/em>(2014); <em>Un monstre em ve a veure (<\/em>2017); i <em>Tres <\/em>(2022).<\/p>\n\n\n\n<p>A m\u00e9s Marc Orts tamb\u00e9 ha guanyat set premis Gaud\u00ed al millor so pel seu treball a <em>REC 2<\/em>&nbsp;l\u2019any 2009; per <em>The Impossible<\/em>&nbsp;el 2013; per <em>El Ni\u00f1o<\/em>&nbsp;el 2014; per <em>Anacleto: Agente secreto<\/em> l\u2019any 2016; per <em>Un monstre em ve a veure<\/em> el 2017; per <em>Dolor y gloria<\/em>&nbsp;el 2019; i per <em>Tres<\/em>&nbsp;l\u2019any 2022.<\/p>\n\n\n\n<p>En rebre el guard\u00f3, Marc Orts ha agra\u00eft a l\u2019Ajuntament l\u2019homenatge per la seva feina. \u201cEm fa molta il\u00b7lusi\u00f3 rebre la Venus perqu\u00e8 no m\u2019ho esperava i \u00e9s molt especial ser una de les persones que rep aquest reconeixement per part de la ciutat\u201d, ha explicat Orts.<\/p>\n\n\n\n<p>L\u2019alcalde de Badalona, Xavier Garcia Albiol, s\u2019ha mostrat honorat i orgull\u00f3s per poder atorgar en nom de la ciutat la Venus a un ve\u00ed que excel\u00b7leix en la seva feina i porta el nom de Badalona arreu del m\u00f3n. \u201cUna persona pot rebre un premi durant la seva carrera, per\u00f2 quan alg\u00fa, com \u00e9s el cas del Marc Orts, \u00e9s reconegut de manera continuada per la seva tasca, \u00e9s perqu\u00e8 darrere hi ha un treball i un esfor\u00e7 constant per fer les coses b\u00e9 i donar sempre el millor d\u2019un mateix\u201d, ha destacat l\u2019alcalde Garcia Albiol, qui s\u2019ha mostrat conven\u00e7ut que aquest no ser\u00e0 el darrer reconeixement que rebr\u00e0 Orts.<\/p>\n","protected":false},"excerpt":{"rendered":"<p>L\u2019Ajuntament de Badalona ha ofert aquest divendres al mat\u00ed una recepci\u00f3 oficial al t\u00e8cnic de so badalon\u00ed Marc Orts, que aquest any ha guanyat el Goya al millor so per la pel\u00b7l\u00edcula La sociedad de la nieve, del director Juan Antonio Bayona. Durant la recepci\u00f3 l\u2019alcalde de Badalona, Xavier Garcia Albiol, ha entregat a l\u2019homenatjat [&hellip;]<\/p>\n","protected":false},"author":2,"featured_media":6609,"comment_status":"open","ping_status":"open","sticky":false,"template":"","format":"standard","meta":{"footnotes":""},"categories":[25],"tags":[],"class_list":{"0":"post-6608","1":"post","2":"type-post","3":"status-publish","4":"format-standard","5":"has-post-thumbnail","7":"category-cultura"},"_links":{"self":[{"href":"https:\/\/areabadalona.com\/diario\/wp-json\/wp\/v2\/posts\/6608","targetHints":{"allow":["GET"]}}],"collection":[{"href":"https:\/\/areabadalona.com\/diario\/wp-json\/wp\/v2\/posts"}],"about":[{"href":"https:\/\/areabadalona.com\/diario\/wp-json\/wp\/v2\/types\/post"}],"author":[{"embeddable":true,"href":"https:\/\/areabadalona.com\/diario\/wp-json\/wp\/v2\/users\/2"}],"replies":[{"embeddable":true,"href":"https:\/\/areabadalona.com\/diario\/wp-json\/wp\/v2\/comments?post=6608"}],"version-history":[{"count":1,"href":"https:\/\/areabadalona.com\/diario\/wp-json\/wp\/v2\/posts\/6608\/revisions"}],"predecessor-version":[{"id":6610,"href":"https:\/\/areabadalona.com\/diario\/wp-json\/wp\/v2\/posts\/6608\/revisions\/6610"}],"wp:featuredmedia":[{"embeddable":true,"href":"https:\/\/areabadalona.com\/diario\/wp-json\/wp\/v2\/media\/6609"}],"wp:attachment":[{"href":"https:\/\/areabadalona.com\/diario\/wp-json\/wp\/v2\/media?parent=6608"}],"wp:term":[{"taxonomy":"category","embeddable":true,"href":"https:\/\/areabadalona.com\/diario\/wp-json\/wp\/v2\/categories?post=6608"},{"taxonomy":"post_tag","embeddable":true,"href":"https:\/\/areabadalona.com\/diario\/wp-json\/wp\/v2\/tags?post=6608"}],"curies":[{"name":"wp","href":"https:\/\/api.w.org\/{rel}","templated":true}]}}