{"id":6605,"date":"2024-03-07T12:51:52","date_gmt":"2024-03-07T12:51:52","guid":{"rendered":"https:\/\/areabadalona.com\/diario\/?p=6605"},"modified":"2024-03-07T12:51:53","modified_gmt":"2024-03-07T12:51:53","slug":"carrera-preocupat-pel-constant-tancament-de-comercos-a-badalona","status":"publish","type":"post","link":"https:\/\/areabadalona.com\/diario\/2024\/03\/07\/carrera-preocupat-pel-constant-tancament-de-comercos-a-badalona\/","title":{"rendered":"Carrera\u00a0preocupat\u00a0pel constant tancament de comer\u00e7os a Badalona"},"content":{"rendered":"\n<p><br>El president del grup municipal del PSC, Fernando Carrera, s&#8217;ha preocupat per l&#8217;augment de tancament de comer\u00e7os, durant els darrers mesos, a diversos eixos comercials de la ciutat. Carrera ha posat com a exemple el carrer de Mar. Des del juny de 2023, amb l&#8217;entrada del nou govern del PP, 10 establiments han abaixat la seva persiana, alguns d&#8217;ells amb anys d&#8217;hist\u00f2ria. Els comer\u00e7os estan tancant, i sembla que la regidora de comer\u00e7 poc fa en aquest sentit. De fet, segons ha constatat el PSC, el govern no ha presentat cap pla per mirar de frenar aquesta onada de tancaments. El president del grup municipal del PSC, Fernando Carrera, ha mantingut una reuni\u00f3 amb el president de&nbsp;Badacentre,&nbsp;Cintu&nbsp;Gubern, sobre aquesta q\u00fcesti\u00f3. Carrera demanar\u00e0 al govern un pla per ajudar a incentivar el comer\u00e7 local i evitar m\u00e9s tancaments.<\/p>\n","protected":false},"excerpt":{"rendered":"<p>El president del grup municipal del PSC, Fernando Carrera, s&#8217;ha preocupat per l&#8217;augment de tancament de comer\u00e7os, durant els darrers mesos, a diversos eixos comercials de la ciutat. Carrera ha posat com a exemple el carrer de Mar. Des del juny de 2023, amb l&#8217;entrada del nou govern del PP, 10 establiments han abaixat la [&hellip;]<\/p>\n","protected":false},"author":2,"featured_media":6606,"comment_status":"open","ping_status":"open","sticky":false,"template":"","format":"standard","meta":{"footnotes":""},"categories":[23],"tags":[],"class_list":{"0":"post-6605","1":"post","2":"type-post","3":"status-publish","4":"format-standard","5":"has-post-thumbnail","7":"category-actualitat"},"_links":{"self":[{"href":"https:\/\/areabadalona.com\/diario\/wp-json\/wp\/v2\/posts\/6605","targetHints":{"allow":["GET"]}}],"collection":[{"href":"https:\/\/areabadalona.com\/diario\/wp-json\/wp\/v2\/posts"}],"about":[{"href":"https:\/\/areabadalona.com\/diario\/wp-json\/wp\/v2\/types\/post"}],"author":[{"embeddable":true,"href":"https:\/\/areabadalona.com\/diario\/wp-json\/wp\/v2\/users\/2"}],"replies":[{"embeddable":true,"href":"https:\/\/areabadalona.com\/diario\/wp-json\/wp\/v2\/comments?post=6605"}],"version-history":[{"count":1,"href":"https:\/\/areabadalona.com\/diario\/wp-json\/wp\/v2\/posts\/6605\/revisions"}],"predecessor-version":[{"id":6607,"href":"https:\/\/areabadalona.com\/diario\/wp-json\/wp\/v2\/posts\/6605\/revisions\/6607"}],"wp:featuredmedia":[{"embeddable":true,"href":"https:\/\/areabadalona.com\/diario\/wp-json\/wp\/v2\/media\/6606"}],"wp:attachment":[{"href":"https:\/\/areabadalona.com\/diario\/wp-json\/wp\/v2\/media?parent=6605"}],"wp:term":[{"taxonomy":"category","embeddable":true,"href":"https:\/\/areabadalona.com\/diario\/wp-json\/wp\/v2\/categories?post=6605"},{"taxonomy":"post_tag","embeddable":true,"href":"https:\/\/areabadalona.com\/diario\/wp-json\/wp\/v2\/tags?post=6605"}],"curies":[{"name":"wp","href":"https:\/\/api.w.org\/{rel}","templated":true}]}}