{"id":6602,"date":"2024-03-06T09:21:16","date_gmt":"2024-03-06T09:21:16","guid":{"rendered":"https:\/\/areabadalona.com\/diario\/?p=6602"},"modified":"2024-03-07T09:50:13","modified_gmt":"2024-03-07T09:50:13","slug":"desallotjat-ledifici-del-numero-118-del-carrer-dausias-marc-despres-que-shagin-detectat-esquerdes-importants-en-limmoble-durant-la-inspeccio-tecnica-contractada-per","status":"publish","type":"post","link":"https:\/\/areabadalona.com\/diario\/2024\/03\/06\/desallotjat-ledifici-del-numero-118-del-carrer-dausias-marc-despres-que-shagin-detectat-esquerdes-importants-en-limmoble-durant-la-inspeccio-tecnica-contractada-per\/","title":{"rendered":"Desallotjat l\u2019edifici del n\u00famero 118 del carrer d\u2019Ausi\u00e0s Marc despr\u00e9s que s\u2019hagin detectat esquerdes importants en l\u2019immoble durant la inspecci\u00f3 t\u00e8cnica contractada per l\u2019Ajuntament de Badalona"},"content":{"rendered":"\n<p>Aquest dimecres al mat\u00ed s\u2019ha decidit desallotjar l\u2019edifici del n\u00famero 118 del carrer d\u2019Ausi\u00e0s Marc despr\u00e9s que, durant la inspecci\u00f3 t\u00e8cnica contractada per l\u2019Ajuntament de Badalona, s\u2019hagin detectat esquerdes en l\u2019immoble. En aquest cas, les esquerdes que s\u2019han trobat s\u00f3n m\u00e9s importants que en els edificis anteriors, ja que s\u00f3n generalitzades en diversos habitatges i en alguns casos s\u00f3n creuades i van en dues direccions. Aquest fet suposa que l&#8217;espai d\u2019encreuament de les esquerdes es quedi sense for\u00e7a i sigui m\u00e9s perill\u00f3s pel possible risc d\u2019esfondrament. En les pr\u00f2ximes hores es procedir\u00e0 a l\u2019apuntalament de l\u2019edifici.<\/p>\n\n\n\n<p>L\u2019Ajuntament de Badalona ha activat els recursos dels serveis socials per donar allotjament provisional als ve\u00efns d\u2019aquest bloc que ho necessiten. A hores d\u2019ara, a l\u2019espera de con\u00e8ixer la situaci\u00f3 de tots els ve\u00efns de l\u2019edifici desallotjat, hi ha quatre fam\u00edlies que han demanat fer \u00fas dels recursos oferts.<\/p>\n\n\n\n<p>El d\u2019avui \u00e9s el sis\u00e8 edifici de la mateixa promoci\u00f3 que es desallotja al barri del Raval de Badalona des del dia 6 de febrer, quan es va esfondrar l\u2019immoble del n\u00famero 9 del carrer del Canig\u00f3 causant tres v\u00edctimes mortals. Despr\u00e9s d\u2019aquests fets, s\u2019han hagut de desallotjar per l\u2019aparici\u00f3 d\u2019esquerdes els n\u00fameros 5, 7 i 11 del carrer del Canig\u00f3, i el 116 i el 118 del carrer Ausi\u00e0s Marc.<\/p>\n\n\n\n<p>L\u2019alcalde de Badalona, Xavier Garcia Albiol, ha estat present aquest mat\u00ed a la zona del desallotjament per con\u00e8ixer de primera m\u00e0 la situaci\u00f3 i parlar amb els ve\u00efns afectats. L\u2019alcalde ha explicat que a finals de la setmana vinent ja s\u2019hauran enllestit les inspeccions dels 440 habitatges afectats (ara com ara en queden 140 per revisar), fet que permetr\u00e0 activar una segona fase en qu\u00e8 s\u2019analitzar\u00e0 la situaci\u00f3 de cadascuna de les finques per fer un informe que s&#8217;entregar\u00e0 als propietaris dels pisos dels immobles afectats. En aquests documents es concretaran les accions que han de fer-se en cada edifici per arreglar les defici\u00e8ncies que estan patint i garantir la seguretat estructural.<\/p>\n\n\n\n<p>Garcia Albiol ha explicat que, a l\u2019espera de les actuacions definitives, dem\u00e0 es comen\u00e7ar\u00e0 a fer un refor\u00e7 en els puntals actuals de les finques afectades per permetre que els ve\u00efns puguin tornar als seus habitatges tan aviat com sigui possible. Aix\u00f2 es fa perqu\u00e8 el primer apuntalament tenia l\u2019objectiu de garantir que el bloc no caigu\u00e9s, mentre que la nova actuaci\u00f3 \u00e9s per assegurar que els ve\u00efns poden viure en els seus pisos fins que no es faci l&#8217;actuaci\u00f3 necess\u00e0ria per consolidar l\u2019edifici i habitar-lo amb normalitat.<\/p>\n\n\n\n<p>L\u2019alcalde de Badalona ha mostrat el seu suport als ve\u00efns afectats i el comprom\u00eds de continuar acompanyant-los des de l\u2019Ajuntament en aquest proc\u00e9s. \u201cEntenem l&#8217;angoixa de tots els ve\u00efns de la zona, per\u00f2 no podem equivocar-nos; per aix\u00f2 fem les inspeccions tan r\u00e0pid com \u00e9s possible i amb la m\u00e0xima seguretat i prud\u00e8ncia\u201d ha explicat Garcia Albiol, qui ha indicat que \u201cels t\u00e8cnics estan fent la feina amb tota la serietat i precisi\u00f3 que requereix la situaci\u00f3 per garantir, per davant de tot, la seguretat dels ve\u00efns i ve\u00efnes\u201d.<\/p>\n","protected":false},"excerpt":{"rendered":"<p>Aquest dimecres al mat\u00ed s\u2019ha decidit desallotjar l\u2019edifici del n\u00famero 118 del carrer d\u2019Ausi\u00e0s Marc despr\u00e9s que, durant la inspecci\u00f3 t\u00e8cnica contractada per l\u2019Ajuntament de Badalona, s\u2019hagin detectat esquerdes en l\u2019immoble. En aquest cas, les esquerdes que s\u2019han trobat s\u00f3n m\u00e9s importants que en els edificis anteriors, ja que s\u00f3n generalitzades en diversos habitatges i [&hellip;]<\/p>\n","protected":false},"author":2,"featured_media":6603,"comment_status":"open","ping_status":"open","sticky":false,"template":"","format":"standard","meta":{"footnotes":""},"categories":[23],"tags":[],"class_list":{"0":"post-6602","1":"post","2":"type-post","3":"status-publish","4":"format-standard","5":"has-post-thumbnail","7":"category-actualitat"},"_links":{"self":[{"href":"https:\/\/areabadalona.com\/diario\/wp-json\/wp\/v2\/posts\/6602","targetHints":{"allow":["GET"]}}],"collection":[{"href":"https:\/\/areabadalona.com\/diario\/wp-json\/wp\/v2\/posts"}],"about":[{"href":"https:\/\/areabadalona.com\/diario\/wp-json\/wp\/v2\/types\/post"}],"author":[{"embeddable":true,"href":"https:\/\/areabadalona.com\/diario\/wp-json\/wp\/v2\/users\/2"}],"replies":[{"embeddable":true,"href":"https:\/\/areabadalona.com\/diario\/wp-json\/wp\/v2\/comments?post=6602"}],"version-history":[{"count":1,"href":"https:\/\/areabadalona.com\/diario\/wp-json\/wp\/v2\/posts\/6602\/revisions"}],"predecessor-version":[{"id":6604,"href":"https:\/\/areabadalona.com\/diario\/wp-json\/wp\/v2\/posts\/6602\/revisions\/6604"}],"wp:featuredmedia":[{"embeddable":true,"href":"https:\/\/areabadalona.com\/diario\/wp-json\/wp\/v2\/media\/6603"}],"wp:attachment":[{"href":"https:\/\/areabadalona.com\/diario\/wp-json\/wp\/v2\/media?parent=6602"}],"wp:term":[{"taxonomy":"category","embeddable":true,"href":"https:\/\/areabadalona.com\/diario\/wp-json\/wp\/v2\/categories?post=6602"},{"taxonomy":"post_tag","embeddable":true,"href":"https:\/\/areabadalona.com\/diario\/wp-json\/wp\/v2\/tags?post=6602"}],"curies":[{"name":"wp","href":"https:\/\/api.w.org\/{rel}","templated":true}]}}