{"id":6599,"date":"2024-03-05T09:20:51","date_gmt":"2024-03-05T09:20:51","guid":{"rendered":"https:\/\/areabadalona.com\/diario\/?p=6599"},"modified":"2024-03-06T09:37:47","modified_gmt":"2024-03-06T09:37:47","slug":"en-comu-podem-reivindica-un-projecte-real-per-la-ciutat-de-la-musica-a-badalona","status":"publish","type":"post","link":"https:\/\/areabadalona.com\/diario\/2024\/03\/05\/en-comu-podem-reivindica-un-projecte-real-per-la-ciutat-de-la-musica-a-badalona\/","title":{"rendered":"En Com\u00fa Podem reivindica un projecte real per la Ciutat de la M\u00fasica a Badalona"},"content":{"rendered":"\n<p>Badalona En Com\u00fa Podem reivindica un projecte real de \u201cCiutat de la M\u00fasica\u201d davant l\u2019anunci del govern del PP, on l\u2019alcalde a trav\u00e9s d\u2019un v\u00eddeo explicava el canvi d\u2019ubicaci\u00f3 del Conservatori i l\u2019Escola de M\u00fasica Moderna a l\u2019antiga f\u00e0brica CACI, sense haver-ho compartit a dia d\u2019avui ni tan sols al Patronat del Conservatori de Badalona. Davant d\u2019aix\u00f2, la \u201cCiutat de la M\u00fasica\u201d \u00e9s un titular buit de contingut, lamenten.<\/p>\n\n\n\n<p>En Com\u00fa Podem (ECP) defensa que Badalona sigui una Ciutat de la M\u00fasica, per\u00f2 reivindica que aix\u00f2 \u00e9s molt m\u00e9s que posar dos equipaments a la CACI, i denuncia que a Badalona avui nom\u00e9s hi ha un titular. Segons la presidenta del grup municipal (ECP), \u201cUna ciutat de la m\u00fasica t\u00e9 a veure amb recon\u00e8ixer i potenciar el conjunt del teixit social, educatiu i econ\u00f2mic vinculat a la m\u00fasica. Per aix\u00f2, m\u00e9s enll\u00e0 d\u2019un titular buit, cal una feina d\u2019articulaci\u00f3, de potenciament dels actius que t\u00e9 la ciutat, de di\u00e0leg social i de participaci\u00f3 en la presa de decisions que podr\u00eden portar-nos a un projecte realment identificable com a Ciutat de la M\u00fasica. Tot el que no sigui aix\u00f2, \u00e9s fum. La ciutat necessita visi\u00f3, lideratge i projecte.\u201d<\/p>\n\n\n\n<p>Segons expliquen al v\u00eddeo les regidores d\u2019ECP, A\u00efda Llaurad\u00f3 i Rosa Trenado, aquesta formaci\u00f3 pol\u00edtica aposta per crear un projecte on potenciar la relaci\u00f3 entre el Conservatori i l\u2019Escola de M\u00fasica Moderna. Tamb\u00e9 facilitar l\u2019acc\u00e9s de les escoles a la Ciutat de la M\u00fasica, i fent arribar el projecte a tots els centres educatius, com per exemple, inspirant-se i ampliant el projecte \u201cBadacordes\u201d.&nbsp;<\/p>\n\n\n\n<p>El v\u00eddeo segueix: \u201cDefensem una Ciutat de la M\u00fasica que fomenti la m\u00fasica al carrer, i la comunitat. Fins i tot obrint-se a altres disciplines. Un projecte de 360 graus no \u00e9s nom\u00e9s la promoci\u00f3 individual, hi ha molts m\u00e9s elements a potenciar: tamb\u00e9 faciliant a joves creadors que comencen, i unes condicions dignes de treball, atraient projectes i festivals d\u2019excel\u00b7l\u00e8ncia. \u00c9s una gran oportunitat per teixir noves relacions p\u00fabico-privades i comunit\u00e0ries, tamb\u00e9 potenciant les sales de m\u00fasica en viu.&nbsp;Defensem un model innovador, transformador, centrat en els drets culturals, que incloguin la diversitat de Badalona de tots els barris. Per tant, ha de ser accessible i segur, i per aix\u00f2 cal adaptar-ne la mobilitat. A dia d\u2019avui, la CACI no t\u00e9 un acc\u00e9s f\u00e0cil&nbsp; a la majoria de barris de la ciutat. Per aix\u00f2 cal una inversi\u00f3 de mobilitat, accessibilitat i de l\u2019entorn. Defensem que es faci un projecte amb participaci\u00f3 ciutadana i tenir un calendari clar! No nom\u00e9s un titular. ECP defensem que la Ciutat de la M\u00fasica no sigui un projecte petit i elitista, sin\u00f3 inclusiu, participatiu i d\u2019excel\u00b7l\u00e8ncia. No una fa\u00e7ana, sin\u00f3 un referent pel seu contingut.\u201d<\/p>\n\n\n\n<p>En aquest sentit, En Com\u00fa Podem treballar\u00e0 per aquest model de \u201cCiutat de la M\u00fasica\u201d, i perqu\u00e8 es tingui en compte la participaci\u00f3 dels agents culturals, ve\u00efnals i del m\u00f3n de la m\u00fasica per construir un projecte ambici\u00f3s i transformador.<\/p>\n","protected":false},"excerpt":{"rendered":"<p>Badalona En Com\u00fa Podem reivindica un projecte real de \u201cCiutat de la M\u00fasica\u201d davant l\u2019anunci del govern del PP, on l\u2019alcalde a trav\u00e9s d\u2019un v\u00eddeo explicava el canvi d\u2019ubicaci\u00f3 del Conservatori i l\u2019Escola de M\u00fasica Moderna a l\u2019antiga f\u00e0brica CACI, sense haver-ho compartit a dia d\u2019avui ni tan sols al Patronat del Conservatori de Badalona. [&hellip;]<\/p>\n","protected":false},"author":2,"featured_media":6600,"comment_status":"open","ping_status":"open","sticky":false,"template":"","format":"standard","meta":{"footnotes":""},"categories":[23],"tags":[],"class_list":{"0":"post-6599","1":"post","2":"type-post","3":"status-publish","4":"format-standard","5":"has-post-thumbnail","7":"category-actualitat"},"_links":{"self":[{"href":"https:\/\/areabadalona.com\/diario\/wp-json\/wp\/v2\/posts\/6599","targetHints":{"allow":["GET"]}}],"collection":[{"href":"https:\/\/areabadalona.com\/diario\/wp-json\/wp\/v2\/posts"}],"about":[{"href":"https:\/\/areabadalona.com\/diario\/wp-json\/wp\/v2\/types\/post"}],"author":[{"embeddable":true,"href":"https:\/\/areabadalona.com\/diario\/wp-json\/wp\/v2\/users\/2"}],"replies":[{"embeddable":true,"href":"https:\/\/areabadalona.com\/diario\/wp-json\/wp\/v2\/comments?post=6599"}],"version-history":[{"count":1,"href":"https:\/\/areabadalona.com\/diario\/wp-json\/wp\/v2\/posts\/6599\/revisions"}],"predecessor-version":[{"id":6601,"href":"https:\/\/areabadalona.com\/diario\/wp-json\/wp\/v2\/posts\/6599\/revisions\/6601"}],"wp:featuredmedia":[{"embeddable":true,"href":"https:\/\/areabadalona.com\/diario\/wp-json\/wp\/v2\/media\/6600"}],"wp:attachment":[{"href":"https:\/\/areabadalona.com\/diario\/wp-json\/wp\/v2\/media?parent=6599"}],"wp:term":[{"taxonomy":"category","embeddable":true,"href":"https:\/\/areabadalona.com\/diario\/wp-json\/wp\/v2\/categories?post=6599"},{"taxonomy":"post_tag","embeddable":true,"href":"https:\/\/areabadalona.com\/diario\/wp-json\/wp\/v2\/tags?post=6599"}],"curies":[{"name":"wp","href":"https:\/\/api.w.org\/{rel}","templated":true}]}}