{"id":6596,"date":"2024-03-02T09:54:34","date_gmt":"2024-03-02T09:54:34","guid":{"rendered":"https:\/\/areabadalona.com\/diario\/?p=6596"},"modified":"2024-03-05T09:55:20","modified_gmt":"2024-03-05T09:55:20","slug":"lalcalde-de-badalona-rep-el-premi-al-dirigent-institucional-de-lassociacio-catalana-de-dirigents-de-lesport","status":"publish","type":"post","link":"https:\/\/areabadalona.com\/diario\/2024\/03\/02\/lalcalde-de-badalona-rep-el-premi-al-dirigent-institucional-de-lassociacio-catalana-de-dirigents-de-lesport\/","title":{"rendered":"L\u2019alcalde de Badalona rep el premi al Dirigent Institucional de l\u2019Associaci\u00f3 Catalana de Dirigents de l\u2019Esport"},"content":{"rendered":"\n<p>L\u2019alcalde de Badalona, Xavier Garcia Albiol, va rebre ahir a la nit el premi al Dirigent Institucional durant la Nit del Dirigent, l\u2019acte organitzat per l\u2019Associaci\u00f3 Catalana de Dirigents de l\u2019Esport (ACDE) on es reconeix la tasca en el foment de l\u2019esport i els seus valors feta per dirigents i exdirigents de clubs, federacions, professionals, dirigents institucionals i periodistes.<\/p>\n\n\n\n<p>Des de l\u2019ACDE es premia cada any les persones que, a criteri del jurat, s\u2019han fet mereixedors dels guardons pel seu comprom\u00eds i excel\u00b7l\u00e8ncia en la gesti\u00f3 en l\u2019\u00e0mbit esportiu. Amb aquests premis es busca generar un espai intern d\u2019identitat i cohesi\u00f3 entre els dirigents de l\u2019esport de Catalunya, perqu\u00e8 es dotin de les millors eines per desenvolupar la seva funci\u00f3 i capacitat d\u2019influ\u00e8ncia en la societat. L\u2019ACDE atorga cada any cinc guardons en cada categoria que, a part del premi als Dirigents institucionals, s\u00f3n les categories de Dirigent de Club, Dirigent de Federaci\u00f3, exDirigent de Club, exDirigent de Federaci\u00f3 i Dirigent Professional. A m\u00e9s, hi ha tamb\u00e9 premiats en les categories d\u2019Empresa i Premis Especials, aix\u00ed com el Premi de Periodisme Esportiu de Televisi\u00f3 i Premi de Periodisme Esportiu de Premsa Escrita.<\/p>\n\n\n\n<p>Despr\u00e9s de rebre el guard\u00f3, l\u2019alcalde de Badalona, Xavier Garcia Albiol, ha explicat que per a ell \u00e9s una gran satisfacci\u00f3 que els centenars de persones que han votat l\u2019hagin considerat mereixedor d\u2019aquest premi. \u00ab\u00c9s un orgull rebre aquest premi, sobretot per Badalona, perqu\u00e8 \u00e9s molt important que es comenci a recon\u00e8ixer a fora la feina de promoci\u00f3 de l\u2019esport que estem fent des del govern municipal\u00bb. \u00abQueda molt per fer, per\u00f2 \u00e9s un gran pas endavant\u00bb, ha concl\u00f2s.<\/p>\n","protected":false},"excerpt":{"rendered":"<p>L\u2019alcalde de Badalona, Xavier Garcia Albiol, va rebre ahir a la nit el premi al Dirigent Institucional durant la Nit del Dirigent, l\u2019acte organitzat per l\u2019Associaci\u00f3 Catalana de Dirigents de l\u2019Esport (ACDE) on es reconeix la tasca en el foment de l\u2019esport i els seus valors feta per dirigents i exdirigents de clubs, federacions, professionals, [&hellip;]<\/p>\n","protected":false},"author":2,"featured_media":6597,"comment_status":"open","ping_status":"open","sticky":false,"template":"","format":"standard","meta":{"footnotes":""},"categories":[23],"tags":[],"class_list":{"0":"post-6596","1":"post","2":"type-post","3":"status-publish","4":"format-standard","5":"has-post-thumbnail","7":"category-actualitat"},"_links":{"self":[{"href":"https:\/\/areabadalona.com\/diario\/wp-json\/wp\/v2\/posts\/6596","targetHints":{"allow":["GET"]}}],"collection":[{"href":"https:\/\/areabadalona.com\/diario\/wp-json\/wp\/v2\/posts"}],"about":[{"href":"https:\/\/areabadalona.com\/diario\/wp-json\/wp\/v2\/types\/post"}],"author":[{"embeddable":true,"href":"https:\/\/areabadalona.com\/diario\/wp-json\/wp\/v2\/users\/2"}],"replies":[{"embeddable":true,"href":"https:\/\/areabadalona.com\/diario\/wp-json\/wp\/v2\/comments?post=6596"}],"version-history":[{"count":1,"href":"https:\/\/areabadalona.com\/diario\/wp-json\/wp\/v2\/posts\/6596\/revisions"}],"predecessor-version":[{"id":6598,"href":"https:\/\/areabadalona.com\/diario\/wp-json\/wp\/v2\/posts\/6596\/revisions\/6598"}],"wp:featuredmedia":[{"embeddable":true,"href":"https:\/\/areabadalona.com\/diario\/wp-json\/wp\/v2\/media\/6597"}],"wp:attachment":[{"href":"https:\/\/areabadalona.com\/diario\/wp-json\/wp\/v2\/media?parent=6596"}],"wp:term":[{"taxonomy":"category","embeddable":true,"href":"https:\/\/areabadalona.com\/diario\/wp-json\/wp\/v2\/categories?post=6596"},{"taxonomy":"post_tag","embeddable":true,"href":"https:\/\/areabadalona.com\/diario\/wp-json\/wp\/v2\/tags?post=6596"}],"curies":[{"name":"wp","href":"https:\/\/api.w.org\/{rel}","templated":true}]}}