{"id":6592,"date":"2024-03-04T09:48:50","date_gmt":"2024-03-04T09:48:50","guid":{"rendered":"https:\/\/areabadalona.com\/diario\/?p=6592"},"modified":"2024-03-05T09:49:33","modified_gmt":"2024-03-05T09:49:33","slug":"el-festival-internacional-de-magia-de-badalonaclou-la-24ena-edicio-amb-un-exit-rotund-dassistencia","status":"publish","type":"post","link":"https:\/\/areabadalona.com\/diario\/2024\/03\/04\/el-festival-internacional-de-magia-de-badalonaclou-la-24ena-edicio-amb-un-exit-rotund-dassistencia\/","title":{"rendered":"El Festival Internacional de M\u00e0gia de Badalonaclou la 24ena edici\u00f3 amb un \u00e8xit rotund d\u2019assist\u00e8ncia"},"content":{"rendered":"\n<p>El <strong>Festival Internacional de M\u00e0gia de Badalona \u2013 Memorial Li-Chang tanca la seva 24ena edici\u00f3 amb un \u00e8xit rotund d\u2019assist\u00e8ncia<\/strong>, assolint un <strong>95% d\u2019ocupaci\u00f3 total<\/strong> entre tots els espectacles celebrats als teatres municipals de la ciutat: les Gales Internacionals, la Gala de M\u00e0gia i Humor, la Gala Solid\u00e0ria i l\u2019espectacle escolar Lumi\u00e8re. Una edici\u00f3 que ha comptat amb un <strong>programa d\u2019activitats complement\u00e0ries<\/strong>&nbsp;com la Trobada de Mags de Catalunya al Centre Comercial M\u00e0gic, el taller de m\u00e0gia solidari i l\u2019actuaci\u00f3 Viatge a les Quimbambes a c\u00e0rrec de la Maga Susana, entre d\u2019altres.<\/p>\n\n\n\n<p><strong>M\u00e9s de 2.700 espectadors i espectadores<\/strong>, quasi el 100% d\u2019ocupaci\u00f3, han assistit als set espectacles principals del festival, celebrats als <strong>teatres municipals de Badalona<\/strong>, en una edici\u00f3 que ha estat marcada per r<strong>eunir a Badalona el millor talent internacional de mags i magues<\/strong>&nbsp;i ha comptat amb un <strong>ampli ventall de disciplines del g\u00e8nere<\/strong>.<\/p>\n\n\n\n<p>El <strong>mag Enric Magoo, director art\u00edstic del Festival<\/strong>, destaca: \u00ab<em>la qualitat de les actuacions: des d&#8217;il\u00b7lusionistes de renom internacional fins a artistes emergents, cada espectacle ha demostrat un domini extraordinari de la m\u00e0gia i l&#8217;il\u00b7lusionisme. La diversitat d&#8217;estils i enfocaments ha enriquit enormement l&#8217;experi\u00e8ncia d\u2019un p\u00fablic molt entusiasta<\/em>\u201d.<\/p>\n\n\n\n<p>Aquest any el p\u00fablic ha atorgat el <strong>Premi Li-Chang 2024<\/strong>, a trav\u00e9s d\u2019un sistema de votaci\u00f3 telem\u00e0tica, als joves malaguenys <strong>Javi Cruz i Anah\u00ed<\/strong>&nbsp;i el seu espectacle d\u2019il\u00b7lusions, aparicions i desaparicions, i escapismes.&nbsp;La <strong>Menci\u00f3 Honor\u00edfica<\/strong>&nbsp;d\u2019aquesta edici\u00f3 ha estat per <strong>Eligio Palomino Romero<\/strong>&nbsp;(Magic Trebol), il\u00b7lusionista professional i professor de m\u00e0gia. La traject\u00f2ria d\u2019Eligio Palomino en el m\u00f3n de l\u2019il\u00b7lusionisme es divideix en dues etapes: una primera de mag professional sota el nom art\u00edstic de \u201cMagic Trebol\u201d i una segona de professor de m\u00e0gia a l\u2019escola creada per ell mateix juntament amb la seva parella i la seva filla, \u201c3 de trebol\u201d.<\/p>\n\n\n\n<p><strong>Excel\u00b7lent acollida de les activitats complement\u00e0ries<\/strong><\/p>\n\n\n\n<p>Les <strong>activitats complement\u00e0ries<\/strong>&nbsp;de la 24ena edici\u00f3 del Festival Internacional de M\u00e0gia de Badalona han tingut una <strong>gran acollida per part del p\u00fablic<\/strong>. Celebrades en diferents punts de la ciutat i amb propostes tant variades com la <strong>Trobada de Mags de Catalunya<\/strong>&nbsp;al Centre Comercial M\u00e0gic o l\u2019<strong>espectacle escolar \u201cLumi\u00e8re\u201d <\/strong>han complementat la programaci\u00f3 d\u2019aquesta edici\u00f3.<\/p>\n\n\n\n<p>Un any m\u00e9s, la programaci\u00f3 del festival ha acollit una nova edici\u00f3 del \u201c<strong>Curs de m\u00e0gia i il\u00b7lusionisme per a docents\u201d<\/strong> que finalitzar\u00e0 el 12 de mar\u00e7. Professors i professores participants d\u2019aquesta edici\u00f3 han traslladat un gran entusiasme per la formaci\u00f3 rebuda aix\u00ed com per con\u00e8ixer i poder aplicar noves formes d\u2019ensenyament a les aules. El curs de m\u00e0gia est\u00e0 vinculat al Pla de Formaci\u00f3 de Zona i organitzat pels Serveis de Cultura i d\u2019Educaci\u00f3 de l\u2019Ajuntament de Badalona i pel CRP de la Generalitat de Catalunya.<\/p>\n\n\n\n<p>L\u2019espectacle \u201c<strong>Viatge a les Quimbambes<\/strong>\u201d ha estat tamb\u00e9 una de les novetats d\u2019aquesta edici\u00f3. Un espectacle que es va celebrar a la <strong>llibreria Saltamart\u00ed<\/strong>&nbsp;amb un p\u00fablic entusiasmat amb la proposta a c\u00e0rrec de la <strong>Maga Susana.<\/strong><\/p>\n","protected":false},"excerpt":{"rendered":"<p>El Festival Internacional de M\u00e0gia de Badalona \u2013 Memorial Li-Chang tanca la seva 24ena edici\u00f3 amb un \u00e8xit rotund d\u2019assist\u00e8ncia, assolint un 95% d\u2019ocupaci\u00f3 total entre tots els espectacles celebrats als teatres municipals de la ciutat: les Gales Internacionals, la Gala de M\u00e0gia i Humor, la Gala Solid\u00e0ria i l\u2019espectacle escolar Lumi\u00e8re. Una edici\u00f3 que [&hellip;]<\/p>\n","protected":false},"author":2,"featured_media":6593,"comment_status":"open","ping_status":"open","sticky":false,"template":"","format":"standard","meta":{"footnotes":""},"categories":[25],"tags":[],"class_list":{"0":"post-6592","1":"post","2":"type-post","3":"status-publish","4":"format-standard","5":"has-post-thumbnail","7":"category-cultura"},"_links":{"self":[{"href":"https:\/\/areabadalona.com\/diario\/wp-json\/wp\/v2\/posts\/6592","targetHints":{"allow":["GET"]}}],"collection":[{"href":"https:\/\/areabadalona.com\/diario\/wp-json\/wp\/v2\/posts"}],"about":[{"href":"https:\/\/areabadalona.com\/diario\/wp-json\/wp\/v2\/types\/post"}],"author":[{"embeddable":true,"href":"https:\/\/areabadalona.com\/diario\/wp-json\/wp\/v2\/users\/2"}],"replies":[{"embeddable":true,"href":"https:\/\/areabadalona.com\/diario\/wp-json\/wp\/v2\/comments?post=6592"}],"version-history":[{"count":1,"href":"https:\/\/areabadalona.com\/diario\/wp-json\/wp\/v2\/posts\/6592\/revisions"}],"predecessor-version":[{"id":6594,"href":"https:\/\/areabadalona.com\/diario\/wp-json\/wp\/v2\/posts\/6592\/revisions\/6594"}],"wp:featuredmedia":[{"embeddable":true,"href":"https:\/\/areabadalona.com\/diario\/wp-json\/wp\/v2\/media\/6593"}],"wp:attachment":[{"href":"https:\/\/areabadalona.com\/diario\/wp-json\/wp\/v2\/media?parent=6592"}],"wp:term":[{"taxonomy":"category","embeddable":true,"href":"https:\/\/areabadalona.com\/diario\/wp-json\/wp\/v2\/categories?post=6592"},{"taxonomy":"post_tag","embeddable":true,"href":"https:\/\/areabadalona.com\/diario\/wp-json\/wp\/v2\/tags?post=6592"}],"curies":[{"name":"wp","href":"https:\/\/api.w.org\/{rel}","templated":true}]}}